{"id":1770,"date":"2022-04-08T10:00:35","date_gmt":"2022-04-08T08:00:35","guid":{"rendered":"http:\/\/sftp-tink.com\/at\/2022\/04\/08\/tink-news-arlo-go-2-lte-offiziell-praesentiert\/"},"modified":"2024-02-18T10:29:26","modified_gmt":"2024-02-18T09:29:26","slug":"tink-news-arlo-go-2-lte-offiziell-praesentiert","status":"publish","type":"post","link":"https:\/\/www.tink.at\/blog\/tink-news-arlo-go-2-lte-offiziell-praesentiert\/","title":{"rendered":"tink News: Arlo Go 2 LTE offiziell pr\u00e4sentiert"},"content":{"rendered":"<p><div id=\"tdi_1\" class=\"tdc-row\"><div class=\"vc_row tdi_2  wpb_row td-pb-row\" >\n<style scoped>\n\/* custom css - generated by TagDiv Composer *\/\n\n\/* custom css - generated by TagDiv Composer *\/\n.tdi_2,\r\n                .tdi_2 .tdc-columns{\r\n                    min-height: 0;\r\n                }.tdi_2,\r\n\t\t\t\t.tdi_2 .tdc-columns{\r\n\t\t\t\t    display: block;\r\n\t\t\t\t}.tdi_2 .tdc-columns{\r\n\t\t\t\t    width: 100%;\r\n\t\t\t\t}.tdi_2:before,\r\n\t\t\t\t.tdi_2:after{\r\n\t\t\t\t    display: table;\r\n\t\t\t\t}\n<\/style><div class=\"vc_column tdi_4  wpb_column vc_column_container tdc-column td-pb-span12\">\n<style scoped>\n\/* custom css - generated by TagDiv Composer *\/\n\n\/* custom css - generated by TagDiv Composer *\/\n.tdi_4{\r\n                    vertical-align: baseline;\r\n                }.tdi_4 > .wpb_wrapper,\r\n\t\t\t\t.tdi_4 > .wpb_wrapper > .tdc-elements{\r\n\t\t\t\t    display: block;\r\n\t\t\t\t}.tdi_4 > .wpb_wrapper > .tdc-elements{\r\n\t\t\t\t    width: 100%;\r\n\t\t\t\t}.tdi_4 > .wpb_wrapper > .vc_row_inner{\r\n\t\t\t\t    width: auto;\r\n\t\t\t\t}.tdi_4 > .wpb_wrapper{\r\n\t\t\t\t    width: auto;\r\n\t\t\t\t    height: auto;\r\n\t\t\t\t}\n<\/style><div class=\"wpb_wrapper\" ><div class=\"wpb_wrapper wpb_text_column td_block_wrap td_block_wrap vc_column_text tdi_5  tagdiv-type td-pb-border-top td_block_template_1\"  data-td-block-uid=\"tdi_5\" >\n<style>\n\/* custom css - generated by TagDiv Composer *\/\n.vc_column_text > .td-element-style{\r\n\t\t\t\t\tz-index: -1;\r\n\t\t\t\t}\n<\/style><div class=\"td-fix-index\"><p>Mit der Arlo Go hat der Hersteller <a href=\"\/b\/arlo\" target=\"_blank\" rel=\"noopener\">Arlo<\/a> die weltweit erste kabellose LTE-Sicherheitskamera f\u00fcr unterwegs auf den Markt gebracht. Jetzt steht der Nachfolger fest: die Arlo Go 2 LTE Kamera. Inwiefern sich die neue Generation vom Vorg\u00e4nger unterscheidet und was Du sonst noch alles zu der mobilen Sicherheitskamera wissen musst, erf\u00e4hrst Du hier.<\/p>\n<\/div><\/div><\/div><\/div><\/div><\/div><div id=\"tdi_6\" class=\"tdc-row\"><div class=\"vc_row tdi_7  wpb_row td-pb-row\" >\n<style scoped>\n\/* custom css - generated by TagDiv Composer *\/\n\n\/* custom css - generated by TagDiv Composer *\/\n.tdi_7,\r\n                .tdi_7 .tdc-columns{\r\n                    min-height: 0;\r\n                }.tdi_7,\r\n\t\t\t\t.tdi_7 .tdc-columns{\r\n\t\t\t\t    display: block;\r\n\t\t\t\t}.tdi_7 .tdc-columns{\r\n\t\t\t\t    width: 100%;\r\n\t\t\t\t}.tdi_7:before,\r\n\t\t\t\t.tdi_7:after{\r\n\t\t\t\t    display: table;\r\n\t\t\t\t}\n<\/style><div class=\"vc_column tdi_9  wpb_column vc_column_container tdc-column td-pb-span12\">\n<style scoped>\n\/* custom css - generated by TagDiv Composer *\/\n\n\/* custom css - generated by TagDiv Composer *\/\n.tdi_9{\r\n                    vertical-align: baseline;\r\n                }.tdi_9 > .wpb_wrapper,\r\n\t\t\t\t.tdi_9 > .wpb_wrapper > .tdc-elements{\r\n\t\t\t\t    display: block;\r\n\t\t\t\t}.tdi_9 > .wpb_wrapper > .tdc-elements{\r\n\t\t\t\t    width: 100%;\r\n\t\t\t\t}.tdi_9 > .wpb_wrapper > .vc_row_inner{\r\n\t\t\t\t    width: auto;\r\n\t\t\t\t}.tdi_9 > .wpb_wrapper{\r\n\t\t\t\t    width: auto;\r\n\t\t\t\t    height: auto;\r\n\t\t\t\t}\n<\/style><div class=\"wpb_wrapper\" ><div class=\"wpb_wrapper wpb_text_column td_block_wrap td_block_wrap vc_column_text tdi_10  tagdiv-type td-pb-border-top td_block_template_1\"  data-td-block-uid=\"tdi_10\" ><div class=\"td-fix-index\"><h2>Die mobile Sicherheitskamera f\u00fcr unterwegs<\/h2>\n<\/div><\/div><div class=\"wpb_wrapper wpb_text_column td_block_wrap td_block_wrap vc_column_text tdi_11  tagdiv-type td-pb-border-top td_block_template_1\"  data-td-block-uid=\"tdi_11\" ><div class=\"td-fix-index\"><p>Grunds\u00e4tzlich f\u00fchrt die Arlo Go 2 LTE das Erfolgskonzept der Arlo Go weiter: Sie ist kabellos, wetterfest und \u00fcbertr\u00e4gt ihre Aufnahmen dank integrierter SIM-Karte \u00fcber Mobilfunk. So eignet sie sich perfekt f\u00fcr Standorte, wo andere (smarte) Kameras keinen Empfang mehr haben. Abgelegene Gartenh\u00fctten, Campingpl\u00e4tze oder auch Baustellen geh\u00f6ren daher zu ihrem Spezialgebiet.<\/p>\n<\/div><\/div><div class=\"wpb_wrapper td_block_single_image td_block_wrap\"><\/div><div class=\"wpb_wrapper wpb_text_column td_block_wrap td_block_wrap vc_column_text tdi_13  tagdiv-type td-pb-border-top td_block_template_1\"  data-td-block-uid=\"tdi_13\" ><div class=\"td-fix-index\"><p>\u00dcbrigens: Die Arlo Go 2 kann im Gegensatz zur ersten Generation auch \u00fcber WLAN kommunizieren. Das hei\u00dft, falls Du sie gerade nicht unterwegs ben\u00f6tigst, kannst Du sie ganz einfach auch zur <a href=\"\/sicherheit\/videoueberwachung\" target=\"_blank\" rel=\"noopener\">\u00dcberwachung<\/a> Deines Smart Homes einsetzen. Doch das ist noch nicht alles, was die mobile Kamera kann.<\/p>\n<\/div><\/div><\/div><\/div><\/div><\/div><div id=\"tdi_14\" class=\"tdc-row\"><div class=\"vc_row tdi_15  wpb_row td-pb-row\" >\n<style scoped>\n\/* custom css - generated by TagDiv Composer *\/\n\n\/* custom css - generated by TagDiv Composer *\/\n.tdi_15,\r\n                .tdi_15 .tdc-columns{\r\n                    min-height: 0;\r\n                }.tdi_15,\r\n\t\t\t\t.tdi_15 .tdc-columns{\r\n\t\t\t\t    display: block;\r\n\t\t\t\t}.tdi_15 .tdc-columns{\r\n\t\t\t\t    width: 100%;\r\n\t\t\t\t}.tdi_15:before,\r\n\t\t\t\t.tdi_15:after{\r\n\t\t\t\t    display: table;\r\n\t\t\t\t}\n<\/style><div class=\"vc_column tdi_17  wpb_column vc_column_container tdc-column td-pb-span12\">\n<style scoped>\n\/* custom css - generated by TagDiv Composer *\/\n\n\/* custom css - generated by TagDiv Composer *\/\n.tdi_17{\r\n                    vertical-align: baseline;\r\n                }.tdi_17 > .wpb_wrapper,\r\n\t\t\t\t.tdi_17 > .wpb_wrapper > .tdc-elements{\r\n\t\t\t\t    display: block;\r\n\t\t\t\t}.tdi_17 > .wpb_wrapper > .tdc-elements{\r\n\t\t\t\t    width: 100%;\r\n\t\t\t\t}.tdi_17 > .wpb_wrapper > .vc_row_inner{\r\n\t\t\t\t    width: auto;\r\n\t\t\t\t}.tdi_17 > .wpb_wrapper{\r\n\t\t\t\t    width: auto;\r\n\t\t\t\t    height: auto;\r\n\t\t\t\t}\n<\/style><div class=\"wpb_wrapper\" ><div class=\"wpb_wrapper wpb_text_column td_block_wrap td_block_wrap vc_column_text tdi_18  tagdiv-type td-pb-border-top td_block_template_1\"  data-td-block-uid=\"tdi_18\" ><div class=\"td-fix-index\"><h2>Die Features der Arlo Go 2 LTE im \u00dcberblick<\/h2>\n<\/div><\/div><div class=\"wpb_wrapper wpb_text_column td_block_wrap td_block_wrap vc_column_text tdi_19  tagdiv-type td-pb-border-top td_block_template_1\"  data-td-block-uid=\"tdi_19\" ><div class=\"td-fix-index\"><p>Die Arlo Go verf\u00fcgt dar\u00fcber hinaus \u00fcber eine ganze Reihe smarter Features. So benachrichtigt sie Dich zum Beispiel auf Deinem Smartphone, wenn sie eine Bewegung erkennt und erm\u00f6glicht Dir mithilfe von 2-Wege-Audio mit der Person vor der Kamera in Kontakt zu treten.<\/p>\n<\/div><\/div><div class=\"wpb_wrapper td_block_single_image td_block_wrap\"><\/div><div class=\"wpb_wrapper wpb_text_column td_block_wrap td_block_wrap vc_column_text tdi_21  tagdiv-type td-pb-border-top td_block_template_1\"  data-td-block-uid=\"tdi_21\" ><div class=\"td-fix-index\"><p>Au\u00dferdem kannst Du Dir die Kameraaufnahmen jederzeit im Livestream ansehen, um Dich von der Lage vor Ort zu \u00fcberzeugen. F\u00fcr den Notfall ist die smarte Sicherheitskamera jetzt sogar noch besser vorbereitet: Nachtsicht in Farbe, integrierter Scheinwerfer sowie die Sirene sorgen f\u00fcr das Extra an Schutz.<\/p>\n<\/div><\/div><div class=\"wpb_wrapper wpb_text_column td_block_wrap td_block_wrap vc_column_text tdi_22  tagdiv-type td-pb-border-top td_block_template_1\"  data-td-block-uid=\"tdi_22\" ><div class=\"td-fix-index\"><p>Ein weiteres Highlight: Falls Dir die Arlo Go 2 zu mobil wird und Du vergessen hast, wo Du sie zuletzt platziert hast, hilft Dir die neue GPS-Ortung. Damit hast Du \u00fcber Dein Smartphone stets den genauen Standort Deiner mobilen Kamera im Blick.<\/p>\n<\/div><\/div><\/div><\/div><\/div><\/div><div id=\"tdi_23\" class=\"tdc-row\"><div class=\"vc_row tdi_24  wpb_row td-pb-row\" >\n<style scoped>\n\/* custom css - generated by TagDiv Composer *\/\n\n\/* custom css - generated by TagDiv Composer *\/\n.tdi_24,\r\n                .tdi_24 .tdc-columns{\r\n                    min-height: 0;\r\n                }.tdi_24,\r\n\t\t\t\t.tdi_24 .tdc-columns{\r\n\t\t\t\t    display: block;\r\n\t\t\t\t}.tdi_24 .tdc-columns{\r\n\t\t\t\t    width: 100%;\r\n\t\t\t\t}.tdi_24:before,\r\n\t\t\t\t.tdi_24:after{\r\n\t\t\t\t    display: table;\r\n\t\t\t\t}\n<\/style><div class=\"vc_column tdi_26  wpb_column vc_column_container tdc-column td-pb-span12\">\n<style scoped>\n\/* custom css - generated by TagDiv Composer *\/\n\n\/* custom css - generated by TagDiv Composer *\/\n.tdi_26{\r\n                    vertical-align: baseline;\r\n                }.tdi_26 > .wpb_wrapper,\r\n\t\t\t\t.tdi_26 > .wpb_wrapper > .tdc-elements{\r\n\t\t\t\t    display: block;\r\n\t\t\t\t}.tdi_26 > .wpb_wrapper > .tdc-elements{\r\n\t\t\t\t    width: 100%;\r\n\t\t\t\t}.tdi_26 > .wpb_wrapper > .vc_row_inner{\r\n\t\t\t\t    width: auto;\r\n\t\t\t\t}.tdi_26 > .wpb_wrapper{\r\n\t\t\t\t    width: auto;\r\n\t\t\t\t    height: auto;\r\n\t\t\t\t}\n<\/style><div class=\"wpb_wrapper\" ><div class=\"wpb_wrapper wpb_text_column td_block_wrap td_block_wrap vc_column_text tdi_27  tagdiv-type td-pb-border-top td_block_template_1\"  data-td-block-uid=\"tdi_27\" ><div class=\"td-fix-index\"><h2>Vergleichstabelle: Arlo Go vs. Arlo Go 2 LTE<\/h2>\n<\/div><\/div><div class=\"wpb_wrapper wpb_text_column td_block_wrap td_block_wrap vc_column_text tdi_28  tagdiv-type td-pb-border-top td_block_template_1\"  data-td-block-uid=\"tdi_28\" ><div class=\"td-fix-index\">[wptb id=\"22760\" not found ]\n<\/div><\/div><\/div><\/div><\/div><\/div><div id=\"tdi_29\" class=\"tdc-row\"><div class=\"vc_row tdi_30  wpb_row td-pb-row\" >\n<style scoped>\n\/* custom css - generated by TagDiv Composer *\/\n\n\/* custom css - generated by TagDiv Composer *\/\n.tdi_30,\r\n                .tdi_30 .tdc-columns{\r\n                    min-height: 0;\r\n                }.tdi_30,\r\n\t\t\t\t.tdi_30 .tdc-columns{\r\n\t\t\t\t    display: block;\r\n\t\t\t\t}.tdi_30 .tdc-columns{\r\n\t\t\t\t    width: 100%;\r\n\t\t\t\t}.tdi_30:before,\r\n\t\t\t\t.tdi_30:after{\r\n\t\t\t\t    display: table;\r\n\t\t\t\t}\n<\/style><div class=\"vc_column tdi_32  wpb_column vc_column_container tdc-column td-pb-span12\">\n<style scoped>\n\/* custom css - generated by TagDiv Composer *\/\n\n\/* custom css - generated by TagDiv Composer *\/\n.tdi_32{\r\n                    vertical-align: baseline;\r\n                }.tdi_32 > .wpb_wrapper,\r\n\t\t\t\t.tdi_32 > .wpb_wrapper > .tdc-elements{\r\n\t\t\t\t    display: block;\r\n\t\t\t\t}.tdi_32 > .wpb_wrapper > .tdc-elements{\r\n\t\t\t\t    width: 100%;\r\n\t\t\t\t}.tdi_32 > .wpb_wrapper > .vc_row_inner{\r\n\t\t\t\t    width: auto;\r\n\t\t\t\t}.tdi_32 > .wpb_wrapper{\r\n\t\t\t\t    width: auto;\r\n\t\t\t\t    height: auto;\r\n\t\t\t\t}\n<\/style><div class=\"wpb_wrapper\" ><div class=\"wpb_wrapper wpb_text_column td_block_wrap td_block_wrap vc_column_text tdi_33  tagdiv-type td-pb-border-top td_block_template_1\"  data-td-block-uid=\"tdi_33\" ><div class=\"td-fix-index\"><h2>Ausblick: Verkaufsstart der Arlo Go 2<\/h2>\n<\/div><\/div><div class=\"wpb_wrapper wpb_text_column td_block_wrap td_block_wrap vc_column_text tdi_34  tagdiv-type td-pb-border-top td_block_template_1\"  data-td-block-uid=\"tdi_34\" ><div class=\"td-fix-index\"><p>Auch wenn f\u00fcr die Arlo Go 2 noch kein Termin f\u00fcr einen Verkaufsstart in Deutschland feststeht, wird die mobile LTE-Kamera fr\u00fcher oder sp\u00e4ter auch zu uns kommen. Wenn Du bis dahin nicht warten m\u00f6chtest, k\u00f6nnen wir Dir auch die Arlo Go der ersten Generation ans Herz legen. Mehr Informationen dazu findest Du <a href=\"\/blog\/arlo-go-lte-cam-alles-was-du-wissen-musst\/\" target=\"_blank\" rel=\"noopener\">hier<\/a>.<\/p>\n<\/div><\/div><\/div><\/div><\/div><\/div><\/p>\n","protected":false},"excerpt":{"rendered":"","protected":false},"author":1,"featured_media":1771,"comment_status":"closed","ping_status":"closed","sticky":false,"template":"","format":"standard","meta":{"_acf_changed":false,"_monsterinsights_skip_tracking":false,"_monsterinsights_sitenote_active":false,"_monsterinsights_sitenote_note":"","_monsterinsights_sitenote_category":0,"iawp_total_views":1,"_jetpack_memberships_contains_paid_content":false,"footnotes":""},"categories":[7],"tags":[1224,1233,1225,1226,83,1234],"brand":[],"acf":[],"yoast_head":"<!-- This site is optimized with the Yoast SEO plugin v24.5 - https:\/\/yoast.com\/wordpress\/plugins\/seo\/ -->\n<title>tink News: Arlo Go 2 LTE offiziell pr\u00e4sentiert - tink Blog<\/title>\n<meta name=\"robots\" content=\"index, follow, max-snippet:-1, max-image-preview:large, max-video-preview:-1\" \/>\n<link rel=\"canonical\" href=\"https:\/\/www.tink.at\/blog\/tink-news-arlo-go-2-lte-offiziell-praesentiert\/\" \/>\n<meta property=\"og:locale\" content=\"de_DE\" \/>\n<meta property=\"og:type\" content=\"article\" \/>\n<meta property=\"og:title\" content=\"tink News: Arlo Go 2 LTE offiziell pr\u00e4sentiert - tink Blog\" \/>\n<meta property=\"og:url\" content=\"https:\/\/www.tink.at\/blog\/tink-news-arlo-go-2-lte-offiziell-praesentiert\/\" \/>\n<meta property=\"og:site_name\" content=\"tink Blog AT\" \/>\n<meta property=\"article:published_time\" content=\"2022-04-08T08:00:35+00:00\" \/>\n<meta property=\"article:modified_time\" content=\"2024-02-18T09:29:26+00:00\" \/>\n<meta property=\"og:image\" content=\"https:\/\/www.tink.at\/blog\/wp-content\/uploads\/sites\/6\/2024\/02\/51075794.jpg\" \/>\n\t<meta property=\"og:image:width\" content=\"800\" \/>\n\t<meta property=\"og:image:height\" content=\"600\" \/>\n\t<meta property=\"og:image:type\" content=\"image\/jpeg\" \/>\n<meta name=\"author\" content=\"tink\" \/>\n<meta name=\"twitter:card\" content=\"summary_large_image\" \/>\n<meta name=\"twitter:label1\" content=\"Verfasst von\" \/>\n\t<meta name=\"twitter:data1\" content=\"tink\" \/>\n\t<meta name=\"twitter:label2\" content=\"Gesch\u00e4tzte Lesezeit\" \/>\n\t<meta name=\"twitter:data2\" content=\"3\u00a0Minuten\" \/>\n<script type=\"application\/ld+json\" class=\"yoast-schema-graph\">{\"@context\":\"https:\/\/schema.org\",\"@graph\":[{\"@type\":\"Article\",\"@id\":\"https:\/\/www.tink.at\/blog\/tink-news-arlo-go-2-lte-offiziell-praesentiert\/#article\",\"isPartOf\":{\"@id\":\"https:\/\/www.tink.at\/blog\/tink-news-arlo-go-2-lte-offiziell-praesentiert\/\"},\"author\":{\"name\":\"tink\",\"@id\":\"https:\/\/www.tink.at\/blog\/#\/schema\/person\/88075dc90b44377a42600e23f9b47120\"},\"headline\":\"tink News: Arlo Go 2 LTE offiziell pr\u00e4sentiert\",\"datePublished\":\"2022-04-08T08:00:35+00:00\",\"dateModified\":\"2024-02-18T09:29:26+00:00\",\"mainEntityOfPage\":{\"@id\":\"https:\/\/www.tink.at\/blog\/tink-news-arlo-go-2-lte-offiziell-praesentiert\/\"},\"wordCount\":537,\"publisher\":{\"@id\":\"https:\/\/www.tink.at\/blog\/#organization\"},\"image\":{\"@id\":\"https:\/\/www.tink.at\/blog\/tink-news-arlo-go-2-lte-offiziell-praesentiert\/#primaryimage\"},\"thumbnailUrl\":\"https:\/\/www.tink.at\/blog\/wp-content\/uploads\/sites\/6\/2024\/02\/51075794.jpg\",\"keywords\":[\"Arlo Go\",\"Arlo Go 2 LTE\",\"Arlo LTE Cam\",\"Mobile Sicherheitskamera\",\"Smart Home Sicherheit\",\"Smarte Sicherheitskamera\"],\"articleSection\":[\"Smart Home News\"],\"inLanguage\":\"de\"},{\"@type\":\"WebPage\",\"@id\":\"https:\/\/www.tink.at\/blog\/tink-news-arlo-go-2-lte-offiziell-praesentiert\/\",\"url\":\"https:\/\/www.tink.at\/blog\/tink-news-arlo-go-2-lte-offiziell-praesentiert\/\",\"name\":\"tink News: Arlo Go 2 LTE offiziell pr\u00e4sentiert - tink Blog\",\"isPartOf\":{\"@id\":\"https:\/\/www.tink.at\/blog\/#website\"},\"primaryImageOfPage\":{\"@id\":\"https:\/\/www.tink.at\/blog\/tink-news-arlo-go-2-lte-offiziell-praesentiert\/#primaryimage\"},\"image\":{\"@id\":\"https:\/\/www.tink.at\/blog\/tink-news-arlo-go-2-lte-offiziell-praesentiert\/#primaryimage\"},\"thumbnailUrl\":\"https:\/\/www.tink.at\/blog\/wp-content\/uploads\/sites\/6\/2024\/02\/51075794.jpg\",\"datePublished\":\"2022-04-08T08:00:35+00:00\",\"dateModified\":\"2024-02-18T09:29:26+00:00\",\"breadcrumb\":{\"@id\":\"https:\/\/www.tink.at\/blog\/tink-news-arlo-go-2-lte-offiziell-praesentiert\/#breadcrumb\"},\"inLanguage\":\"de\",\"potentialAction\":[{\"@type\":\"ReadAction\",\"target\":[\"https:\/\/www.tink.at\/blog\/tink-news-arlo-go-2-lte-offiziell-praesentiert\/\"]}]},{\"@type\":\"ImageObject\",\"inLanguage\":\"de\",\"@id\":\"https:\/\/www.tink.at\/blog\/tink-news-arlo-go-2-lte-offiziell-praesentiert\/#primaryimage\",\"url\":\"https:\/\/www.tink.at\/blog\/wp-content\/uploads\/sites\/6\/2024\/02\/51075794.jpg\",\"contentUrl\":\"https:\/\/www.tink.at\/blog\/wp-content\/uploads\/sites\/6\/2024\/02\/51075794.jpg\",\"width\":800,\"height\":600},{\"@type\":\"BreadcrumbList\",\"@id\":\"https:\/\/www.tink.at\/blog\/tink-news-arlo-go-2-lte-offiziell-praesentiert\/#breadcrumb\",\"itemListElement\":[{\"@type\":\"ListItem\",\"position\":1,\"name\":\"Home\",\"item\":\"https:\/\/www.tink.at\/blog\/\"},{\"@type\":\"ListItem\",\"position\":2,\"name\":\"tink News: Arlo Go 2 LTE offiziell pr\u00e4sentiert\"}]},{\"@type\":\"WebSite\",\"@id\":\"https:\/\/www.tink.at\/blog\/#website\",\"url\":\"https:\/\/www.tink.at\/blog\/\",\"name\":\"tink Blog\",\"description\":\"tink Smart Home Blog\",\"publisher\":{\"@id\":\"https:\/\/www.tink.at\/blog\/#organization\"},\"potentialAction\":[{\"@type\":\"SearchAction\",\"target\":{\"@type\":\"EntryPoint\",\"urlTemplate\":\"https:\/\/www.tink.at\/blog\/?s={search_term_string}\"},\"query-input\":{\"@type\":\"PropertyValueSpecification\",\"valueRequired\":true,\"valueName\":\"search_term_string\"}}],\"inLanguage\":\"de\"},{\"@type\":\"Organization\",\"@id\":\"https:\/\/www.tink.at\/blog\/#organization\",\"name\":\"tink GmbH\",\"alternateName\":\"tink\",\"url\":\"https:\/\/www.tink.at\/blog\/\",\"logo\":{\"@type\":\"ImageObject\",\"inLanguage\":\"de\",\"@id\":\"https:\/\/www.tink.at\/blog\/#\/schema\/logo\/image\/\",\"url\":\"https:\/\/www.tink.at\/blog\/wp-content\/uploads\/sites\/6\/2025\/08\/tink-Logo.png\",\"contentUrl\":\"https:\/\/www.tink.at\/blog\/wp-content\/uploads\/sites\/6\/2025\/08\/tink-Logo.png\",\"width\":500,\"height\":500,\"caption\":\"tink GmbH\"},\"image\":{\"@id\":\"https:\/\/www.tink.at\/blog\/#\/schema\/logo\/image\/\"}},{\"@type\":\"Person\",\"@id\":\"https:\/\/www.tink.at\/blog\/#\/schema\/person\/88075dc90b44377a42600e23f9b47120\",\"name\":\"tink\",\"image\":{\"@type\":\"ImageObject\",\"inLanguage\":\"de\",\"@id\":\"https:\/\/www.tink.at\/blog\/#\/schema\/person\/image\/\",\"url\":\"https:\/\/secure.gravatar.com\/avatar\/20f2886dce53e05a67d57ce0ebf3b21f?s=96&d=mm&r=g\",\"contentUrl\":\"https:\/\/secure.gravatar.com\/avatar\/20f2886dce53e05a67d57ce0ebf3b21f?s=96&d=mm&r=g\",\"caption\":\"tink\"},\"url\":\"https:\/\/www.tink.at\/blog\/author\/tink\/\"}]}<\/script>\n<!-- \/ Yoast SEO plugin. -->","yoast_head_json":{"title":"tink News: Arlo Go 2 LTE offiziell pr\u00e4sentiert - tink Blog","robots":{"index":"index","follow":"follow","max-snippet":"max-snippet:-1","max-image-preview":"max-image-preview:large","max-video-preview":"max-video-preview:-1"},"canonical":"https:\/\/www.tink.at\/blog\/tink-news-arlo-go-2-lte-offiziell-praesentiert\/","og_locale":"de_DE","og_type":"article","og_title":"tink News: Arlo Go 2 LTE offiziell pr\u00e4sentiert - tink Blog","og_url":"https:\/\/www.tink.at\/blog\/tink-news-arlo-go-2-lte-offiziell-praesentiert\/","og_site_name":"tink Blog AT","article_published_time":"2022-04-08T08:00:35+00:00","article_modified_time":"2024-02-18T09:29:26+00:00","og_image":[{"width":800,"height":600,"url":"https:\/\/www.tink.at\/blog\/wp-content\/uploads\/sites\/6\/2024\/02\/51075794.jpg","type":"image\/jpeg"}],"author":"tink","twitter_card":"summary_large_image","twitter_misc":{"Verfasst von":"tink","Gesch\u00e4tzte Lesezeit":"3\u00a0Minuten"},"schema":{"@context":"https:\/\/schema.org","@graph":[{"@type":"Article","@id":"https:\/\/www.tink.at\/blog\/tink-news-arlo-go-2-lte-offiziell-praesentiert\/#article","isPartOf":{"@id":"https:\/\/www.tink.at\/blog\/tink-news-arlo-go-2-lte-offiziell-praesentiert\/"},"author":{"name":"tink","@id":"https:\/\/www.tink.at\/blog\/#\/schema\/person\/88075dc90b44377a42600e23f9b47120"},"headline":"tink News: Arlo Go 2 LTE offiziell pr\u00e4sentiert","datePublished":"2022-04-08T08:00:35+00:00","dateModified":"2024-02-18T09:29:26+00:00","mainEntityOfPage":{"@id":"https:\/\/www.tink.at\/blog\/tink-news-arlo-go-2-lte-offiziell-praesentiert\/"},"wordCount":537,"publisher":{"@id":"https:\/\/www.tink.at\/blog\/#organization"},"image":{"@id":"https:\/\/www.tink.at\/blog\/tink-news-arlo-go-2-lte-offiziell-praesentiert\/#primaryimage"},"thumbnailUrl":"https:\/\/www.tink.at\/blog\/wp-content\/uploads\/sites\/6\/2024\/02\/51075794.jpg","keywords":["Arlo Go","Arlo Go 2 LTE","Arlo LTE Cam","Mobile Sicherheitskamera","Smart Home Sicherheit","Smarte Sicherheitskamera"],"articleSection":["Smart Home News"],"inLanguage":"de"},{"@type":"WebPage","@id":"https:\/\/www.tink.at\/blog\/tink-news-arlo-go-2-lte-offiziell-praesentiert\/","url":"https:\/\/www.tink.at\/blog\/tink-news-arlo-go-2-lte-offiziell-praesentiert\/","name":"tink News: Arlo Go 2 LTE offiziell pr\u00e4sentiert - tink Blog","isPartOf":{"@id":"https:\/\/www.tink.at\/blog\/#website"},"primaryImageOfPage":{"@id":"https:\/\/www.tink.at\/blog\/tink-news-arlo-go-2-lte-offiziell-praesentiert\/#primaryimage"},"image":{"@id":"https:\/\/www.tink.at\/blog\/tink-news-arlo-go-2-lte-offiziell-praesentiert\/#primaryimage"},"thumbnailUrl":"https:\/\/www.tink.at\/blog\/wp-content\/uploads\/sites\/6\/2024\/02\/51075794.jpg","datePublished":"2022-04-08T08:00:35+00:00","dateModified":"2024-02-18T09:29:26+00:00","breadcrumb":{"@id":"https:\/\/www.tink.at\/blog\/tink-news-arlo-go-2-lte-offiziell-praesentiert\/#breadcrumb"},"inLanguage":"de","potentialAction":[{"@type":"ReadAction","target":["https:\/\/www.tink.at\/blog\/tink-news-arlo-go-2-lte-offiziell-praesentiert\/"]}]},{"@type":"ImageObject","inLanguage":"de","@id":"https:\/\/www.tink.at\/blog\/tink-news-arlo-go-2-lte-offiziell-praesentiert\/#primaryimage","url":"https:\/\/www.tink.at\/blog\/wp-content\/uploads\/sites\/6\/2024\/02\/51075794.jpg","contentUrl":"https:\/\/www.tink.at\/blog\/wp-content\/uploads\/sites\/6\/2024\/02\/51075794.jpg","width":800,"height":600},{"@type":"BreadcrumbList","@id":"https:\/\/www.tink.at\/blog\/tink-news-arlo-go-2-lte-offiziell-praesentiert\/#breadcrumb","itemListElement":[{"@type":"ListItem","position":1,"name":"Home","item":"https:\/\/www.tink.at\/blog\/"},{"@type":"ListItem","position":2,"name":"tink News: Arlo Go 2 LTE offiziell pr\u00e4sentiert"}]},{"@type":"WebSite","@id":"https:\/\/www.tink.at\/blog\/#website","url":"https:\/\/www.tink.at\/blog\/","name":"tink Blog","description":"tink Smart Home Blog","publisher":{"@id":"https:\/\/www.tink.at\/blog\/#organization"},"potentialAction":[{"@type":"SearchAction","target":{"@type":"EntryPoint","urlTemplate":"https:\/\/www.tink.at\/blog\/?s={search_term_string}"},"query-input":{"@type":"PropertyValueSpecification","valueRequired":true,"valueName":"search_term_string"}}],"inLanguage":"de"},{"@type":"Organization","@id":"https:\/\/www.tink.at\/blog\/#organization","name":"tink GmbH","alternateName":"tink","url":"https:\/\/www.tink.at\/blog\/","logo":{"@type":"ImageObject","inLanguage":"de","@id":"https:\/\/www.tink.at\/blog\/#\/schema\/logo\/image\/","url":"https:\/\/www.tink.at\/blog\/wp-content\/uploads\/sites\/6\/2025\/08\/tink-Logo.png","contentUrl":"https:\/\/www.tink.at\/blog\/wp-content\/uploads\/sites\/6\/2025\/08\/tink-Logo.png","width":500,"height":500,"caption":"tink GmbH"},"image":{"@id":"https:\/\/www.tink.at\/blog\/#\/schema\/logo\/image\/"}},{"@type":"Person","@id":"https:\/\/www.tink.at\/blog\/#\/schema\/person\/88075dc90b44377a42600e23f9b47120","name":"tink","image":{"@type":"ImageObject","inLanguage":"de","@id":"https:\/\/www.tink.at\/blog\/#\/schema\/person\/image\/","url":"https:\/\/secure.gravatar.com\/avatar\/20f2886dce53e05a67d57ce0ebf3b21f?s=96&d=mm&r=g","contentUrl":"https:\/\/secure.gravatar.com\/avatar\/20f2886dce53e05a67d57ce0ebf3b21f?s=96&d=mm&r=g","caption":"tink"},"url":"https:\/\/www.tink.at\/blog\/author\/tink\/"}]}},"jetpack_featured_media_url":"https:\/\/www.tink.at\/blog\/wp-content\/uploads\/sites\/6\/2024\/02\/51075794.jpg","jetpack_sharing_enabled":true,"_links":{"self":[{"href":"https:\/\/www.tink.at\/blog\/wp-json\/wp\/v2\/posts\/1770"}],"collection":[{"href":"https:\/\/www.tink.at\/blog\/wp-json\/wp\/v2\/posts"}],"about":[{"href":"https:\/\/www.tink.at\/blog\/wp-json\/wp\/v2\/types\/post"}],"author":[{"embeddable":true,"href":"https:\/\/www.tink.at\/blog\/wp-json\/wp\/v2\/users\/1"}],"replies":[{"embeddable":true,"href":"https:\/\/www.tink.at\/blog\/wp-json\/wp\/v2\/comments?post=1770"}],"version-history":[{"count":1,"href":"https:\/\/www.tink.at\/blog\/wp-json\/wp\/v2\/posts\/1770\/revisions"}],"predecessor-version":[{"id":1772,"href":"https:\/\/www.tink.at\/blog\/wp-json\/wp\/v2\/posts\/1770\/revisions\/1772"}],"wp:featuredmedia":[{"embeddable":true,"href":"https:\/\/www.tink.at\/blog\/wp-json\/wp\/v2\/media\/1771"}],"wp:attachment":[{"href":"https:\/\/www.tink.at\/blog\/wp-json\/wp\/v2\/media?parent=1770"}],"wp:term":[{"taxonomy":"category","embeddable":true,"href":"https:\/\/www.tink.at\/blog\/wp-json\/wp\/v2\/categories?post=1770"},{"taxonomy":"post_tag","embeddable":true,"href":"https:\/\/www.tink.at\/blog\/wp-json\/wp\/v2\/tags?post=1770"},{"taxonomy":"brand","embeddable":true,"href":"https:\/\/www.tink.at\/blog\/wp-json\/wp\/v2\/brand?post=1770"}],"curies":[{"name":"wp","href":"https:\/\/api.w.org\/{rel}","templated":true}]}}