{"id":2252,"date":"2023-08-15T15:55:45","date_gmt":"2023-08-15T13:55:45","guid":{"rendered":"http:\/\/sftp-tink.com\/at\/2023\/08\/15\/neu-bei-tink-die-neuen-modelle-der-abus-ueberwachungskamera\/"},"modified":"2025-09-30T17:53:52","modified_gmt":"2025-09-30T15:53:52","slug":"neu-bei-tink-die-neuen-modelle-der-abus-ueberwachungskamera","status":"publish","type":"post","link":"https:\/\/www.tink.at\/blog\/neu-bei-tink-die-neuen-modelle-der-abus-ueberwachungskamera\/","title":{"rendered":"Neu bei tink: Die neuen Modelle der ABUS Au\u00dfenkamera"},"content":{"rendered":"<p><div id=\"tdi_1\" class=\"tdc-row\"><div class=\"vc_row tdi_2  wpb_row td-pb-row\" >\n<style scoped>\n\/* custom css - generated by TagDiv Composer *\/\n\n\/* custom css - generated by TagDiv Composer *\/\n.tdi_2,\r\n                .tdi_2 .tdc-columns{\r\n                    min-height: 0;\r\n                }.tdi_2,\r\n\t\t\t\t.tdi_2 .tdc-columns{\r\n\t\t\t\t    display: block;\r\n\t\t\t\t}.tdi_2 .tdc-columns{\r\n\t\t\t\t    width: 100%;\r\n\t\t\t\t}.tdi_2:before,\r\n\t\t\t\t.tdi_2:after{\r\n\t\t\t\t    display: table;\r\n\t\t\t\t}\n<\/style><div class=\"vc_column tdi_4  wpb_column vc_column_container tdc-column td-pb-span12\">\n<style scoped>\n\/* custom css - generated by TagDiv Composer *\/\n\n\/* custom css - generated by TagDiv Composer *\/\n.tdi_4{\r\n                    vertical-align: baseline;\r\n                }.tdi_4 > .wpb_wrapper,\r\n\t\t\t\t.tdi_4 > .wpb_wrapper > .tdc-elements{\r\n\t\t\t\t    display: block;\r\n\t\t\t\t}.tdi_4 > .wpb_wrapper > .tdc-elements{\r\n\t\t\t\t    width: 100%;\r\n\t\t\t\t}.tdi_4 > .wpb_wrapper > .vc_row_inner{\r\n\t\t\t\t    width: auto;\r\n\t\t\t\t}.tdi_4 > .wpb_wrapper{\r\n\t\t\t\t    width: auto;\r\n\t\t\t\t    height: auto;\r\n\t\t\t\t}\n<\/style><div class=\"wpb_wrapper\" ><div class=\"wpb_wrapper wpb_text_column td_block_wrap td_block_wrap vc_column_text tdi_5  tagdiv-type td-pb-border-top td_block_template_1\"  data-td-block-uid=\"tdi_5\" >\n<style>\n\/* custom css - generated by TagDiv Composer *\/\n.vc_column_text > .td-element-style{\r\n\t\t\t\t\tz-index: -1;\r\n\t\t\t\t}\n<\/style><div class=\"td-fix-index\"><p><span style=\"font-weight: 400;\">Vor einigen Wochen haben wir Dir bereits <a href=\"\/blog\/ueberwachungskamera-fuer-draussen-hier-sind-unsere-besten-modelle\/\">unser Line-up f\u00fcr die besten Outdoor-Kameras<\/a> pr\u00e4sentiert. Dabei kann es sehr gut sein, dass Du eine Marke vergeblich gesucht hast. Doch jetzt hat auch das deutsche Qualit\u00e4tsunternehmen ABUS seine eigenen \u00dcberwachungskameras f\u00fcr den Innen- und Au\u00dfenbereich auf den Markt gebracht und wir verraten Dir, ob beide Modelle der ABUS Au\u00dfenkamera mit den anderen Produkten mithalten k\u00f6nnen. <\/span><\/p>\n<\/div><\/div><\/div><\/div><\/div><\/div><div id=\"tdi_6\" class=\"tdc-row\"><div class=\"vc_row tdi_7  wpb_row td-pb-row\" >\n<style scoped>\n\/* custom css - generated by TagDiv Composer *\/\n\n\/* custom css - generated by TagDiv Composer *\/\n.tdi_7,\r\n                .tdi_7 .tdc-columns{\r\n                    min-height: 0;\r\n                }.tdi_7,\r\n\t\t\t\t.tdi_7 .tdc-columns{\r\n\t\t\t\t    display: block;\r\n\t\t\t\t}.tdi_7 .tdc-columns{\r\n\t\t\t\t    width: 100%;\r\n\t\t\t\t}.tdi_7:before,\r\n\t\t\t\t.tdi_7:after{\r\n\t\t\t\t    display: table;\r\n\t\t\t\t}\n<\/style><div class=\"vc_column tdi_9  wpb_column vc_column_container tdc-column td-pb-span12\">\n<style scoped>\n\/* custom css - generated by TagDiv Composer *\/\n\n\/* custom css - generated by TagDiv Composer *\/\n.tdi_9{\r\n                    vertical-align: baseline;\r\n                }.tdi_9 > .wpb_wrapper,\r\n\t\t\t\t.tdi_9 > .wpb_wrapper > .tdc-elements{\r\n\t\t\t\t    display: block;\r\n\t\t\t\t}.tdi_9 > .wpb_wrapper > .tdc-elements{\r\n\t\t\t\t    width: 100%;\r\n\t\t\t\t}.tdi_9 > .wpb_wrapper > .vc_row_inner{\r\n\t\t\t\t    width: auto;\r\n\t\t\t\t}.tdi_9 > .wpb_wrapper{\r\n\t\t\t\t    width: auto;\r\n\t\t\t\t    height: auto;\r\n\t\t\t\t}\n<\/style><div class=\"wpb_wrapper\" ><div class=\"wpb_wrapper wpb_text_column td_block_wrap td_block_wrap vc_column_text tdi_10  tagdiv-type td-pb-border-top td_block_template_1\"  data-td-block-uid=\"tdi_10\" ><div class=\"td-fix-index\"><h2><span style=\"font-weight: 400;\">ABUS WLAN Licht Au\u00dfen-Kamera 2er-Set<\/span><\/h2>\n<\/div><\/div><div class=\"wpb_wrapper wpb_text_column td_block_wrap td_block_wrap vc_column_text tdi_11  tagdiv-type td-pb-border-top td_block_template_1\"  data-td-block-uid=\"tdi_11\" ><div class=\"td-fix-index\"><h3><span style=\"font-weight: 400;\">Was kann die Hardware der Au\u00dfenkamerakamera von ABUS?<\/span><\/h3>\n<\/div><\/div><div class=\"wpb_wrapper wpb_text_column td_block_wrap td_block_wrap vc_column_text tdi_12  tagdiv-type td-pb-border-top td_block_template_1\"  data-td-block-uid=\"tdi_12\" ><div class=\"td-fix-index\"><p><span style=\"font-weight: 400;\">Mit der ABUS WLAN Licht Au\u00dfen-Kamera positioniert sich der deutsche Hersteller, der f\u00fcr seine qualitativ hochwertigen Sicherheitsschl\u00f6sser bekannt ist, auf dem Markt der elektronischen \u00dcberwachungskameras. Die Kamera muss zwar mit Schrauben h\u00e4ndisch an Deiner Wand montiert werden, l\u00e4sst sich aber durch das einfach Einsetzen der Speicherkarte und der Installation durch die App in wenigen Minuten einrichten. Die Montage hat auch zur Folge, dass Deiner Kamera nie die Leistung ausgehen kann.<\/span><\/p>\n<\/div><\/div><div class=\"wpb_wrapper wpb_text_column td_block_wrap td_block_wrap vc_column_text tdi_13  tagdiv-type td-pb-border-top td_block_template_1\"  data-td-block-uid=\"tdi_13\" ><div class=\"td-fix-index\"><p><span style=\"font-weight: 400;\">Diese wird vor allem durch die bestechende Resistenz gegen die Gezeiten gew\u00e4hrleistet. So bleibt die ABUS Kamera auch bei bis zu -20 \u00b0C voll funktionsf\u00e4hig. Zudem k\u00f6nnen ihr Wasser, Wind und Schnee nichts anhaben.\u00a0<\/span><\/p>\n<\/div><\/div><div class=\"wpb_wrapper td_block_single_image td_block_wrap\"><\/div><\/div><\/div><\/div><\/div><div id=\"tdi_15\" class=\"tdc-row\"><div class=\"vc_row tdi_16  wpb_row td-pb-row\" >\n<style scoped>\n\/* custom css - generated by TagDiv Composer *\/\n\n\/* custom css - generated by TagDiv Composer *\/\n.tdi_16,\r\n                .tdi_16 .tdc-columns{\r\n                    min-height: 0;\r\n                }.tdi_16,\r\n\t\t\t\t.tdi_16 .tdc-columns{\r\n\t\t\t\t    display: block;\r\n\t\t\t\t}.tdi_16 .tdc-columns{\r\n\t\t\t\t    width: 100%;\r\n\t\t\t\t}.tdi_16:before,\r\n\t\t\t\t.tdi_16:after{\r\n\t\t\t\t    display: table;\r\n\t\t\t\t}\n<\/style><div class=\"vc_column tdi_18  wpb_column vc_column_container tdc-column td-pb-span12\">\n<style scoped>\n\/* custom css - generated by TagDiv Composer *\/\n\n\/* custom css - generated by TagDiv Composer *\/\n.tdi_18{\r\n                    vertical-align: baseline;\r\n                }.tdi_18 > .wpb_wrapper,\r\n\t\t\t\t.tdi_18 > .wpb_wrapper > .tdc-elements{\r\n\t\t\t\t    display: block;\r\n\t\t\t\t}.tdi_18 > .wpb_wrapper > .tdc-elements{\r\n\t\t\t\t    width: 100%;\r\n\t\t\t\t}.tdi_18 > .wpb_wrapper > .vc_row_inner{\r\n\t\t\t\t    width: auto;\r\n\t\t\t\t}.tdi_18 > .wpb_wrapper{\r\n\t\t\t\t    width: auto;\r\n\t\t\t\t    height: auto;\r\n\t\t\t\t}\n<\/style><div class=\"wpb_wrapper\" ><div class=\"wpb_wrapper wpb_text_column td_block_wrap td_block_wrap vc_column_text tdi_19  tagdiv-type td-pb-border-top td_block_template_1\"  data-td-block-uid=\"tdi_19\" ><div class=\"td-fix-index\"><h3><span style=\"font-weight: 400;\">Das System der ABUS Au\u00dfenkamera<\/span><\/h3>\n<\/div><\/div><div class=\"wpb_wrapper wpb_text_column td_block_wrap td_block_wrap vc_column_text tdi_20  tagdiv-type td-pb-border-top td_block_template_1\"  data-td-block-uid=\"tdi_20\" ><div class=\"td-fix-index\"><p><span style=\"font-weight: 400;\">W\u00e4hrend sich viele andere Vertreter der Au\u00dfenkameras noch mit normalen 1080 HD Bildqualit\u00e4t br\u00fcsten, setzt ABUS noch einen drauf. Dank der 2K-Aufl\u00f6sung kannst Du jederzeit glasklar erkennen, was sich in Deinem Zuhause oder Deinem Au\u00dfenbereich abspielt. Doch nicht nur tags\u00fcber, sondern auch in der Nacht ist Verlass auf die Au\u00dfenkamera von ABUS. Dank einer hochwertigen Nachtsicht in schwarz\/wei\u00df hast Du immer den Durchblick.<\/span><\/p>\n<\/div><\/div><div class=\"wpb_wrapper wpb_text_column td_block_wrap td_block_wrap vc_column_text tdi_21  tagdiv-type td-pb-border-top td_block_template_1\"  data-td-block-uid=\"tdi_21\" ><div class=\"td-fix-index\"><p><span style=\"font-weight: 400;\">Sollte sich eine unbekannte Person Zutritt zu Deinem Grundst\u00fcck oder Zuhause verschaffen wollen, wartet ABUS mit einer Reihe von sicheren Features auf. So kannst Du die automatische LED-Beleuchtung nach Belieben konfigurieren. Auch eine Sirene kannst Du einsetzen, wenn auch nur per Aktivierung in der App. Diese wird von der Kamera \u00fcbrigens immer benachrichtigt, wenn sich etwas auf Deinem Grundst\u00fcck oder in Deinem Zuhause bewegt. Durch eine Zwei-Wege-Kommunikation kannst Du auch direkt mit Leuten reden, die sich auf Deinem Grundst\u00fcck befinden.<\/span><\/p>\n<\/div><\/div><div class=\"wpb_wrapper wpb_text_column td_block_wrap td_block_wrap vc_column_text tdi_22  tagdiv-type td-pb-border-top td_block_template_1\"  data-td-block-uid=\"tdi_22\" ><div class=\"td-fix-index\"><p><span style=\"font-weight: 400;\">Mit dem smarten Bundle von ABUS bekommst Du direkt zwei Au\u00dfenkameras, um m\u00f6glichst viel Fl\u00e4che Deines Zuhauses sicher abdecken zu k\u00f6nnen.\u00a0<\/span><\/p>\n<\/div><\/div><div class=\"wpb_wrapper td_block_single_image td_block_wrap\"><\/div>[vc_btn title=&#8220;ZUM PRODUKT&#8220; shape=&#8220;square&#8220; color=&#8220;primary&#8220; align=&#8220;center&#8220; el_class=&#8220;product_button&#8220; link=&#8220;url:%2Fp%2Fabus-wlan-licht-aussenkamera-2er-set%20&#8243;]<\/div><\/div><\/div><\/div><div id=\"tdi_24\" class=\"tdc-row\"><div class=\"vc_row tdi_25  wpb_row td-pb-row\" >\n<style scoped>\n\/* custom css - generated by TagDiv Composer *\/\n\n\/* custom css - generated by TagDiv Composer *\/\n.tdi_25,\r\n                .tdi_25 .tdc-columns{\r\n                    min-height: 0;\r\n                }.tdi_25,\r\n\t\t\t\t.tdi_25 .tdc-columns{\r\n\t\t\t\t    display: block;\r\n\t\t\t\t}.tdi_25 .tdc-columns{\r\n\t\t\t\t    width: 100%;\r\n\t\t\t\t}.tdi_25:before,\r\n\t\t\t\t.tdi_25:after{\r\n\t\t\t\t    display: table;\r\n\t\t\t\t}\n<\/style><div class=\"vc_column tdi_27  wpb_column vc_column_container tdc-column td-pb-span12\">\n<style scoped>\n\/* custom css - generated by TagDiv Composer *\/\n\n\/* custom css - generated by TagDiv Composer *\/\n.tdi_27{\r\n                    vertical-align: baseline;\r\n                }.tdi_27 > .wpb_wrapper,\r\n\t\t\t\t.tdi_27 > .wpb_wrapper > .tdc-elements{\r\n\t\t\t\t    display: block;\r\n\t\t\t\t}.tdi_27 > .wpb_wrapper > .tdc-elements{\r\n\t\t\t\t    width: 100%;\r\n\t\t\t\t}.tdi_27 > .wpb_wrapper > .vc_row_inner{\r\n\t\t\t\t    width: auto;\r\n\t\t\t\t}.tdi_27 > .wpb_wrapper{\r\n\t\t\t\t    width: auto;\r\n\t\t\t\t    height: auto;\r\n\t\t\t\t}\n<\/style><div class=\"wpb_wrapper\" ><div class=\"wpb_wrapper wpb_text_column td_block_wrap td_block_wrap vc_column_text tdi_28  tagdiv-type td-pb-border-top td_block_template_1\"  data-td-block-uid=\"tdi_28\" ><div class=\"td-fix-index\"><h2><span style=\"font-weight: 400;\">ABUS Au\u00dfenkamera in klein? &#8211; Die ABUS WLAN Akku Cam mit Basisstation<\/span><\/h2>\n<\/div><\/div><div class=\"wpb_wrapper wpb_text_column td_block_wrap td_block_wrap vc_column_text tdi_29  tagdiv-type td-pb-border-top td_block_template_1\"  data-td-block-uid=\"tdi_29\" ><div class=\"td-fix-index\"><h3>Alles wie beim gro\u00dfen Bruder?<\/h3>\n<\/div><\/div><div class=\"wpb_wrapper wpb_text_column td_block_wrap td_block_wrap vc_column_text tdi_30  tagdiv-type td-pb-border-top td_block_template_1\"  data-td-block-uid=\"tdi_30\" ><div class=\"td-fix-index\"><p><span style=\"font-weight: 400;\">Die WLAN Akku Cam von ABUS musst Du zwar auch montieren, kannst dabei aber getrost die Verkabelung vergessen. Die Einrichtung l\u00e4uft auch hier \u00fcber die App \u201cApp2Cam Plus\u201d. <\/span><\/p>\n<\/div><\/div><div class=\"wpb_wrapper wpb_text_column td_block_wrap td_block_wrap vc_column_text tdi_31  tagdiv-type td-pb-border-top td_block_template_1\"  data-td-block-uid=\"tdi_31\" ><div class=\"td-fix-index\"><p><span style=\"font-weight: 400;\">Da die Kamera mit einem intelligenten Akku ausgestattet ist, wird sie nur dann aktiviert, wenn sie eine Bewegung oder eine Alarmsituation registriert. So h\u00e4lt der Akku bis zu 6 Monate ohne eine Aufladung. Aufgeladen wird er nach einer Benachrichtigung auf Deinem Smartphone innerhalb von 4 Stunden.<\/span><\/p>\n<\/div><\/div><div class=\"wpb_wrapper td_block_single_image td_block_wrap\"><\/div><\/div><\/div><\/div><\/div><div id=\"tdi_33\" class=\"tdc-row\"><div class=\"vc_row tdi_34  wpb_row td-pb-row\" >\n<style scoped>\n\/* custom css - generated by TagDiv Composer *\/\n\n\/* custom css - generated by TagDiv Composer *\/\n.tdi_34,\r\n                .tdi_34 .tdc-columns{\r\n                    min-height: 0;\r\n                }.tdi_34,\r\n\t\t\t\t.tdi_34 .tdc-columns{\r\n\t\t\t\t    display: block;\r\n\t\t\t\t}.tdi_34 .tdc-columns{\r\n\t\t\t\t    width: 100%;\r\n\t\t\t\t}.tdi_34:before,\r\n\t\t\t\t.tdi_34:after{\r\n\t\t\t\t    display: table;\r\n\t\t\t\t}\n<\/style><div class=\"vc_column tdi_36  wpb_column vc_column_container tdc-column td-pb-span12\">\n<style scoped>\n\/* custom css - generated by TagDiv Composer *\/\n\n\/* custom css - generated by TagDiv Composer *\/\n.tdi_36{\r\n                    vertical-align: baseline;\r\n                }.tdi_36 > .wpb_wrapper,\r\n\t\t\t\t.tdi_36 > .wpb_wrapper > .tdc-elements{\r\n\t\t\t\t    display: block;\r\n\t\t\t\t}.tdi_36 > .wpb_wrapper > .tdc-elements{\r\n\t\t\t\t    width: 100%;\r\n\t\t\t\t}.tdi_36 > .wpb_wrapper > .vc_row_inner{\r\n\t\t\t\t    width: auto;\r\n\t\t\t\t}.tdi_36 > .wpb_wrapper{\r\n\t\t\t\t    width: auto;\r\n\t\t\t\t    height: auto;\r\n\t\t\t\t}\n<\/style><div class=\"wpb_wrapper\" ><div class=\"wpb_wrapper wpb_text_column td_block_wrap td_block_wrap vc_column_text tdi_37  tagdiv-type td-pb-border-top td_block_template_1\"  data-td-block-uid=\"tdi_37\" ><div class=\"td-fix-index\"><h3>Einige Einsparungen aufgrund der Gr\u00f6\u00dfe<\/h3>\n<\/div><\/div><div class=\"wpb_wrapper wpb_text_column td_block_wrap td_block_wrap vc_column_text tdi_38  tagdiv-type td-pb-border-top td_block_template_1\"  data-td-block-uid=\"tdi_38\" ><div class=\"td-fix-index\"><p><span style=\"font-weight: 400;\">\u00c4hnlich zur zuvor genannten WLAN Licht Au\u00dfen-Kamera ist auch die Akku Cam mit einer Gegensprechanlage ausger\u00fcstet. So kannst Du beispielsweise dem\/der Postbot:in direkt sagen, wo er\/sie das Paket ablegen kann. Im Vergleich zu der gr\u00f6\u00dferen Au\u00dfen-Kamera musst Du jedoch Abstriche bei der Qualit\u00e4t des Bildes machen, was durchaus der Gr\u00f6\u00dfe geschuldet ist. Die Akku Cam ist mit ihrer 2MP Full HD-Kamera eher als kleine und kosteneffizientere L\u00f6sung anzusehen. Optimal eignet sie sich auch f\u00fcr den Innenbereich Deines Zuhauses.<\/span><\/p>\n<\/div><\/div><div class=\"wpb_wrapper wpb_text_column td_block_wrap td_block_wrap vc_column_text tdi_39  tagdiv-type td-pb-border-top td_block_template_1\"  data-td-block-uid=\"tdi_39\" ><div class=\"td-fix-index\"><p><span style=\"font-weight: 400;\">Die Daten sind allerdings nicht in der Kamera selbst gespeichert, sondern werden verschl\u00fcssel an die Basisstation gesendet, ganz ohne Cloud oder Internet wohlgemerkt, und dann auf einer microSD-Karte gespeichert.\u00a0 Und obwohl sie dank ihrer IP65 Schutzklasse auch gut gegen Regen, Schnee und Sonneneinstrahlung gesch\u00fctzt ist, raten wir Dir f\u00fcr die Au\u00dfenbereiche eher zur WLAN Licht Au\u00dfen-Kamera und f\u00fcr den Innenraum zur Akku Cam.<\/span><\/p>\n<\/div><\/div><div class=\"wpb_wrapper td_block_single_image td_block_wrap\"><\/div>[vc_btn title=&#8220;ZUM PRODUKT&#8220; shape=&#8220;square&#8220; color=&#8220;primary&#8220; align=&#8220;center&#8220; el_class=&#8220;product_button&#8220; link=&#8220;url:%2Fp%2Fabus-wlan-akku-cam-mit-basisstation&#8220;]<\/div><\/div><\/div><\/div><\/p>\n","protected":false},"excerpt":{"rendered":"","protected":false},"author":1,"featured_media":2253,"comment_status":"closed","ping_status":"closed","sticky":false,"template":"","format":"standard","meta":{"_acf_changed":false,"_monsterinsights_skip_tracking":false,"_monsterinsights_sitenote_active":false,"_monsterinsights_sitenote_note":"","_monsterinsights_sitenote_category":0,"iawp_total_views":11,"_jetpack_memberships_contains_paid_content":false,"footnotes":""},"categories":[3271],"tags":[352,440,27],"brand":[],"acf":[],"yoast_head":"<!-- This site is optimized with the Yoast SEO plugin v24.5 - https:\/\/yoast.com\/wordpress\/plugins\/seo\/ -->\n<title>Neu bei tink: Die neuen Modelle der ABUS Au\u00dfenkamera - tink<\/title>\n<meta name=\"description\" content=\"Die ABUS Au\u00dfenkamera ist da! In diesem neuen Artikel erf\u00e4hrst Du alles, was Du \u00fcber die neuen Modelle wissen musst.\" \/>\n<meta name=\"robots\" content=\"index, follow, max-snippet:-1, max-image-preview:large, max-video-preview:-1\" \/>\n<link rel=\"canonical\" href=\"https:\/\/www.tink.at\/blog\/neu-bei-tink-die-neuen-modelle-der-abus-ueberwachungskamera\/\" \/>\n<meta property=\"og:locale\" content=\"de_DE\" \/>\n<meta property=\"og:type\" content=\"article\" \/>\n<meta property=\"og:title\" content=\"Neu bei tink: Die neuen Modelle der ABUS Au\u00dfenkamera - tink\" \/>\n<meta property=\"og:description\" content=\"Die ABUS Au\u00dfenkamera ist da! In diesem neuen Artikel erf\u00e4hrst Du alles, was Du \u00fcber die neuen Modelle wissen musst.\" \/>\n<meta property=\"og:url\" content=\"https:\/\/www.tink.at\/blog\/neu-bei-tink-die-neuen-modelle-der-abus-ueberwachungskamera\/\" \/>\n<meta property=\"og:site_name\" content=\"tink Blog AT\" \/>\n<meta property=\"article:published_time\" content=\"2023-08-15T13:55:45+00:00\" \/>\n<meta property=\"article:modified_time\" content=\"2025-09-30T15:53:52+00:00\" \/>\n<meta property=\"og:image\" content=\"https:\/\/www.tink.at\/blog\/wp-content\/uploads\/sites\/6\/2024\/02\/32238011.jpg\" \/>\n\t<meta property=\"og:image:width\" content=\"800\" \/>\n\t<meta property=\"og:image:height\" content=\"600\" \/>\n\t<meta property=\"og:image:type\" content=\"image\/jpeg\" \/>\n<meta name=\"author\" content=\"tink\" \/>\n<meta name=\"twitter:card\" content=\"summary_large_image\" \/>\n<meta name=\"twitter:label1\" content=\"Verfasst von\" \/>\n\t<meta name=\"twitter:data1\" content=\"tink\" \/>\n\t<meta name=\"twitter:label2\" content=\"Gesch\u00e4tzte Lesezeit\" \/>\n\t<meta name=\"twitter:data2\" content=\"5\u00a0Minuten\" \/>\n<script type=\"application\/ld+json\" class=\"yoast-schema-graph\">{\"@context\":\"https:\/\/schema.org\",\"@graph\":[{\"@type\":\"Article\",\"@id\":\"https:\/\/www.tink.at\/blog\/neu-bei-tink-die-neuen-modelle-der-abus-ueberwachungskamera\/#article\",\"isPartOf\":{\"@id\":\"https:\/\/www.tink.at\/blog\/neu-bei-tink-die-neuen-modelle-der-abus-ueberwachungskamera\/\"},\"author\":{\"name\":\"tink\",\"@id\":\"https:\/\/www.tink.at\/blog\/#\/schema\/person\/88075dc90b44377a42600e23f9b47120\"},\"headline\":\"Neu bei tink: Die neuen Modelle der ABUS Au\u00dfenkamera\",\"datePublished\":\"2023-08-15T13:55:45+00:00\",\"dateModified\":\"2025-09-30T15:53:52+00:00\",\"mainEntityOfPage\":{\"@id\":\"https:\/\/www.tink.at\/blog\/neu-bei-tink-die-neuen-modelle-der-abus-ueberwachungskamera\/\"},\"wordCount\":916,\"publisher\":{\"@id\":\"https:\/\/www.tink.at\/blog\/#organization\"},\"image\":{\"@id\":\"https:\/\/www.tink.at\/blog\/neu-bei-tink-die-neuen-modelle-der-abus-ueberwachungskamera\/#primaryimage\"},\"thumbnailUrl\":\"https:\/\/www.tink.at\/blog\/wp-content\/uploads\/sites\/6\/2024\/02\/32238011.jpg\",\"keywords\":[\"Abus\",\"ABUS WLAN Akku Cam\",\"Au\u00dfenkamera\"],\"articleSection\":[\"Produktvorstellungen\"],\"inLanguage\":\"de\"},{\"@type\":\"WebPage\",\"@id\":\"https:\/\/www.tink.at\/blog\/neu-bei-tink-die-neuen-modelle-der-abus-ueberwachungskamera\/\",\"url\":\"https:\/\/www.tink.at\/blog\/neu-bei-tink-die-neuen-modelle-der-abus-ueberwachungskamera\/\",\"name\":\"Neu bei tink: Die neuen Modelle der ABUS Au\u00dfenkamera - tink\",\"isPartOf\":{\"@id\":\"https:\/\/www.tink.at\/blog\/#website\"},\"primaryImageOfPage\":{\"@id\":\"https:\/\/www.tink.at\/blog\/neu-bei-tink-die-neuen-modelle-der-abus-ueberwachungskamera\/#primaryimage\"},\"image\":{\"@id\":\"https:\/\/www.tink.at\/blog\/neu-bei-tink-die-neuen-modelle-der-abus-ueberwachungskamera\/#primaryimage\"},\"thumbnailUrl\":\"https:\/\/www.tink.at\/blog\/wp-content\/uploads\/sites\/6\/2024\/02\/32238011.jpg\",\"datePublished\":\"2023-08-15T13:55:45+00:00\",\"dateModified\":\"2025-09-30T15:53:52+00:00\",\"description\":\"Die ABUS Au\u00dfenkamera ist da! In diesem neuen Artikel erf\u00e4hrst Du alles, was Du \u00fcber die neuen Modelle wissen musst.\",\"breadcrumb\":{\"@id\":\"https:\/\/www.tink.at\/blog\/neu-bei-tink-die-neuen-modelle-der-abus-ueberwachungskamera\/#breadcrumb\"},\"inLanguage\":\"de\",\"potentialAction\":[{\"@type\":\"ReadAction\",\"target\":[\"https:\/\/www.tink.at\/blog\/neu-bei-tink-die-neuen-modelle-der-abus-ueberwachungskamera\/\"]}]},{\"@type\":\"ImageObject\",\"inLanguage\":\"de\",\"@id\":\"https:\/\/www.tink.at\/blog\/neu-bei-tink-die-neuen-modelle-der-abus-ueberwachungskamera\/#primaryimage\",\"url\":\"https:\/\/www.tink.at\/blog\/wp-content\/uploads\/sites\/6\/2024\/02\/32238011.jpg\",\"contentUrl\":\"https:\/\/www.tink.at\/blog\/wp-content\/uploads\/sites\/6\/2024\/02\/32238011.jpg\",\"width\":800,\"height\":600},{\"@type\":\"BreadcrumbList\",\"@id\":\"https:\/\/www.tink.at\/blog\/neu-bei-tink-die-neuen-modelle-der-abus-ueberwachungskamera\/#breadcrumb\",\"itemListElement\":[{\"@type\":\"ListItem\",\"position\":1,\"name\":\"Home\",\"item\":\"https:\/\/www.tink.at\/blog\/\"},{\"@type\":\"ListItem\",\"position\":2,\"name\":\"Neu bei tink: Die neuen Modelle der ABUS Au\u00dfenkamera\"}]},{\"@type\":\"WebSite\",\"@id\":\"https:\/\/www.tink.at\/blog\/#website\",\"url\":\"https:\/\/www.tink.at\/blog\/\",\"name\":\"tink Blog\",\"description\":\"tink Smart Home Blog\",\"publisher\":{\"@id\":\"https:\/\/www.tink.at\/blog\/#organization\"},\"potentialAction\":[{\"@type\":\"SearchAction\",\"target\":{\"@type\":\"EntryPoint\",\"urlTemplate\":\"https:\/\/www.tink.at\/blog\/?s={search_term_string}\"},\"query-input\":{\"@type\":\"PropertyValueSpecification\",\"valueRequired\":true,\"valueName\":\"search_term_string\"}}],\"inLanguage\":\"de\"},{\"@type\":\"Organization\",\"@id\":\"https:\/\/www.tink.at\/blog\/#organization\",\"name\":\"tink GmbH\",\"alternateName\":\"tink\",\"url\":\"https:\/\/www.tink.at\/blog\/\",\"logo\":{\"@type\":\"ImageObject\",\"inLanguage\":\"de\",\"@id\":\"https:\/\/www.tink.at\/blog\/#\/schema\/logo\/image\/\",\"url\":\"https:\/\/www.tink.at\/blog\/wp-content\/uploads\/sites\/6\/2025\/08\/tink-Logo.png\",\"contentUrl\":\"https:\/\/www.tink.at\/blog\/wp-content\/uploads\/sites\/6\/2025\/08\/tink-Logo.png\",\"width\":500,\"height\":500,\"caption\":\"tink GmbH\"},\"image\":{\"@id\":\"https:\/\/www.tink.at\/blog\/#\/schema\/logo\/image\/\"}},{\"@type\":\"Person\",\"@id\":\"https:\/\/www.tink.at\/blog\/#\/schema\/person\/88075dc90b44377a42600e23f9b47120\",\"name\":\"tink\",\"image\":{\"@type\":\"ImageObject\",\"inLanguage\":\"de\",\"@id\":\"https:\/\/www.tink.at\/blog\/#\/schema\/person\/image\/\",\"url\":\"https:\/\/secure.gravatar.com\/avatar\/20f2886dce53e05a67d57ce0ebf3b21f?s=96&d=mm&r=g\",\"contentUrl\":\"https:\/\/secure.gravatar.com\/avatar\/20f2886dce53e05a67d57ce0ebf3b21f?s=96&d=mm&r=g\",\"caption\":\"tink\"},\"url\":\"https:\/\/www.tink.at\/blog\/author\/tink\/\"}]}<\/script>\n<!-- \/ Yoast SEO plugin. -->","yoast_head_json":{"title":"Neu bei tink: Die neuen Modelle der ABUS Au\u00dfenkamera - tink","description":"Die ABUS Au\u00dfenkamera ist da! In diesem neuen Artikel erf\u00e4hrst Du alles, was Du \u00fcber die neuen Modelle wissen musst.","robots":{"index":"index","follow":"follow","max-snippet":"max-snippet:-1","max-image-preview":"max-image-preview:large","max-video-preview":"max-video-preview:-1"},"canonical":"https:\/\/www.tink.at\/blog\/neu-bei-tink-die-neuen-modelle-der-abus-ueberwachungskamera\/","og_locale":"de_DE","og_type":"article","og_title":"Neu bei tink: Die neuen Modelle der ABUS Au\u00dfenkamera - tink","og_description":"Die ABUS Au\u00dfenkamera ist da! In diesem neuen Artikel erf\u00e4hrst Du alles, was Du \u00fcber die neuen Modelle wissen musst.","og_url":"https:\/\/www.tink.at\/blog\/neu-bei-tink-die-neuen-modelle-der-abus-ueberwachungskamera\/","og_site_name":"tink Blog AT","article_published_time":"2023-08-15T13:55:45+00:00","article_modified_time":"2025-09-30T15:53:52+00:00","og_image":[{"width":800,"height":600,"url":"https:\/\/www.tink.at\/blog\/wp-content\/uploads\/sites\/6\/2024\/02\/32238011.jpg","type":"image\/jpeg"}],"author":"tink","twitter_card":"summary_large_image","twitter_misc":{"Verfasst von":"tink","Gesch\u00e4tzte Lesezeit":"5\u00a0Minuten"},"schema":{"@context":"https:\/\/schema.org","@graph":[{"@type":"Article","@id":"https:\/\/www.tink.at\/blog\/neu-bei-tink-die-neuen-modelle-der-abus-ueberwachungskamera\/#article","isPartOf":{"@id":"https:\/\/www.tink.at\/blog\/neu-bei-tink-die-neuen-modelle-der-abus-ueberwachungskamera\/"},"author":{"name":"tink","@id":"https:\/\/www.tink.at\/blog\/#\/schema\/person\/88075dc90b44377a42600e23f9b47120"},"headline":"Neu bei tink: Die neuen Modelle der ABUS Au\u00dfenkamera","datePublished":"2023-08-15T13:55:45+00:00","dateModified":"2025-09-30T15:53:52+00:00","mainEntityOfPage":{"@id":"https:\/\/www.tink.at\/blog\/neu-bei-tink-die-neuen-modelle-der-abus-ueberwachungskamera\/"},"wordCount":916,"publisher":{"@id":"https:\/\/www.tink.at\/blog\/#organization"},"image":{"@id":"https:\/\/www.tink.at\/blog\/neu-bei-tink-die-neuen-modelle-der-abus-ueberwachungskamera\/#primaryimage"},"thumbnailUrl":"https:\/\/www.tink.at\/blog\/wp-content\/uploads\/sites\/6\/2024\/02\/32238011.jpg","keywords":["Abus","ABUS WLAN Akku Cam","Au\u00dfenkamera"],"articleSection":["Produktvorstellungen"],"inLanguage":"de"},{"@type":"WebPage","@id":"https:\/\/www.tink.at\/blog\/neu-bei-tink-die-neuen-modelle-der-abus-ueberwachungskamera\/","url":"https:\/\/www.tink.at\/blog\/neu-bei-tink-die-neuen-modelle-der-abus-ueberwachungskamera\/","name":"Neu bei tink: Die neuen Modelle der ABUS Au\u00dfenkamera - tink","isPartOf":{"@id":"https:\/\/www.tink.at\/blog\/#website"},"primaryImageOfPage":{"@id":"https:\/\/www.tink.at\/blog\/neu-bei-tink-die-neuen-modelle-der-abus-ueberwachungskamera\/#primaryimage"},"image":{"@id":"https:\/\/www.tink.at\/blog\/neu-bei-tink-die-neuen-modelle-der-abus-ueberwachungskamera\/#primaryimage"},"thumbnailUrl":"https:\/\/www.tink.at\/blog\/wp-content\/uploads\/sites\/6\/2024\/02\/32238011.jpg","datePublished":"2023-08-15T13:55:45+00:00","dateModified":"2025-09-30T15:53:52+00:00","description":"Die ABUS Au\u00dfenkamera ist da! In diesem neuen Artikel erf\u00e4hrst Du alles, was Du \u00fcber die neuen Modelle wissen musst.","breadcrumb":{"@id":"https:\/\/www.tink.at\/blog\/neu-bei-tink-die-neuen-modelle-der-abus-ueberwachungskamera\/#breadcrumb"},"inLanguage":"de","potentialAction":[{"@type":"ReadAction","target":["https:\/\/www.tink.at\/blog\/neu-bei-tink-die-neuen-modelle-der-abus-ueberwachungskamera\/"]}]},{"@type":"ImageObject","inLanguage":"de","@id":"https:\/\/www.tink.at\/blog\/neu-bei-tink-die-neuen-modelle-der-abus-ueberwachungskamera\/#primaryimage","url":"https:\/\/www.tink.at\/blog\/wp-content\/uploads\/sites\/6\/2024\/02\/32238011.jpg","contentUrl":"https:\/\/www.tink.at\/blog\/wp-content\/uploads\/sites\/6\/2024\/02\/32238011.jpg","width":800,"height":600},{"@type":"BreadcrumbList","@id":"https:\/\/www.tink.at\/blog\/neu-bei-tink-die-neuen-modelle-der-abus-ueberwachungskamera\/#breadcrumb","itemListElement":[{"@type":"ListItem","position":1,"name":"Home","item":"https:\/\/www.tink.at\/blog\/"},{"@type":"ListItem","position":2,"name":"Neu bei tink: Die neuen Modelle der ABUS Au\u00dfenkamera"}]},{"@type":"WebSite","@id":"https:\/\/www.tink.at\/blog\/#website","url":"https:\/\/www.tink.at\/blog\/","name":"tink Blog","description":"tink Smart Home Blog","publisher":{"@id":"https:\/\/www.tink.at\/blog\/#organization"},"potentialAction":[{"@type":"SearchAction","target":{"@type":"EntryPoint","urlTemplate":"https:\/\/www.tink.at\/blog\/?s={search_term_string}"},"query-input":{"@type":"PropertyValueSpecification","valueRequired":true,"valueName":"search_term_string"}}],"inLanguage":"de"},{"@type":"Organization","@id":"https:\/\/www.tink.at\/blog\/#organization","name":"tink GmbH","alternateName":"tink","url":"https:\/\/www.tink.at\/blog\/","logo":{"@type":"ImageObject","inLanguage":"de","@id":"https:\/\/www.tink.at\/blog\/#\/schema\/logo\/image\/","url":"https:\/\/www.tink.at\/blog\/wp-content\/uploads\/sites\/6\/2025\/08\/tink-Logo.png","contentUrl":"https:\/\/www.tink.at\/blog\/wp-content\/uploads\/sites\/6\/2025\/08\/tink-Logo.png","width":500,"height":500,"caption":"tink GmbH"},"image":{"@id":"https:\/\/www.tink.at\/blog\/#\/schema\/logo\/image\/"}},{"@type":"Person","@id":"https:\/\/www.tink.at\/blog\/#\/schema\/person\/88075dc90b44377a42600e23f9b47120","name":"tink","image":{"@type":"ImageObject","inLanguage":"de","@id":"https:\/\/www.tink.at\/blog\/#\/schema\/person\/image\/","url":"https:\/\/secure.gravatar.com\/avatar\/20f2886dce53e05a67d57ce0ebf3b21f?s=96&d=mm&r=g","contentUrl":"https:\/\/secure.gravatar.com\/avatar\/20f2886dce53e05a67d57ce0ebf3b21f?s=96&d=mm&r=g","caption":"tink"},"url":"https:\/\/www.tink.at\/blog\/author\/tink\/"}]}},"jetpack_featured_media_url":"https:\/\/www.tink.at\/blog\/wp-content\/uploads\/sites\/6\/2024\/02\/32238011.jpg","jetpack_sharing_enabled":true,"_links":{"self":[{"href":"https:\/\/www.tink.at\/blog\/wp-json\/wp\/v2\/posts\/2252"}],"collection":[{"href":"https:\/\/www.tink.at\/blog\/wp-json\/wp\/v2\/posts"}],"about":[{"href":"https:\/\/www.tink.at\/blog\/wp-json\/wp\/v2\/types\/post"}],"author":[{"embeddable":true,"href":"https:\/\/www.tink.at\/blog\/wp-json\/wp\/v2\/users\/1"}],"replies":[{"embeddable":true,"href":"https:\/\/www.tink.at\/blog\/wp-json\/wp\/v2\/comments?post=2252"}],"version-history":[{"count":1,"href":"https:\/\/www.tink.at\/blog\/wp-json\/wp\/v2\/posts\/2252\/revisions"}],"predecessor-version":[{"id":2254,"href":"https:\/\/www.tink.at\/blog\/wp-json\/wp\/v2\/posts\/2252\/revisions\/2254"}],"wp:featuredmedia":[{"embeddable":true,"href":"https:\/\/www.tink.at\/blog\/wp-json\/wp\/v2\/media\/2253"}],"wp:attachment":[{"href":"https:\/\/www.tink.at\/blog\/wp-json\/wp\/v2\/media?parent=2252"}],"wp:term":[{"taxonomy":"category","embeddable":true,"href":"https:\/\/www.tink.at\/blog\/wp-json\/wp\/v2\/categories?post=2252"},{"taxonomy":"post_tag","embeddable":true,"href":"https:\/\/www.tink.at\/blog\/wp-json\/wp\/v2\/tags?post=2252"},{"taxonomy":"brand","embeddable":true,"href":"https:\/\/www.tink.at\/blog\/wp-json\/wp\/v2\/brand?post=2252"}],"curies":[{"name":"wp","href":"https:\/\/api.w.org\/{rel}","templated":true}]}}