{"id":2912,"date":"2025-01-23T16:34:29","date_gmt":"2025-01-23T15:34:29","guid":{"rendered":"https:\/\/www.tink.de\/blog\/?p=45406"},"modified":"2025-09-30T17:48:58","modified_gmt":"2025-09-30T15:48:58","slug":"smart-home-news-neuer-homepod-2025","status":"publish","type":"post","link":"https:\/\/www.tink.at\/blog\/smart-home-news-neuer-homepod-2025\/","title":{"rendered":"Smart Home News: Neuer HomePod 2025?"},"content":{"rendered":"\n<p class=\"has-light-background-color has-background\"><\/p>\n\n\n\n<div class=\"wp-block-group\"><div class=\"wp-block-group__inner-container is-layout-constrained wp-block-group-is-layout-constrained\">\n<h2 class=\"wp-block-heading has-white-color has-text-color has-background has-link-color wp-elements-63b05ad1eefa1e3ecfc5a99cf811d256\" id=\"h-yale-mit-matter\" style=\"background-color:#1998fa\">Yale mit Matter<\/h2>\n\n\n\n<p class=\"has-light-background-color has-background\">Lange mussten Fans der Yale Produkte auf die Integration ihres Yale Linus L2 Smart Locks in andere Systeme wie Amazon Alexa, Google Assistant oder Apple HomeKit warten. Doch mit dem neuesten Update k\u00f6nnen sie aufatmen. Durch die nun m\u00f6gliche Kommunikation mit Matter wird die Zusammenarbeit verschiedener Smart Home Ger\u00e4te deutlich vereinfacht.<\/p>\n\n\n\n\n\n\n<p class=\"has-light-background-color has-background\">Das Update ist denkbar einfach: Man verbindet sein T\u00fcrschloss mit der Yale Home App. Die App f\u00fchrt Dich durch den Update-Prozess. Nach der Installation stehen die neuen Funktionen zur Verf\u00fcgung.<\/p>\n\n\n\n<h2 class=\"wp-block-heading has-white-color has-text-color has-background has-link-color wp-elements-70d3d1c1b66e82991779c18eb292ac98\" id=\"h-neuer-homepod-mini-2-amp-apple-tv-4k\" style=\"background-color:#1998fa\">Neuer HomePod Mini 2 &amp; Apple TV 4K<\/h2>\n\n\n\n<p class=\"has-light-background-color has-background\">2025 kannst Du Dich, wenn die Berichte von Insidern stimmen, auf ein paar Neuerungen von Apple freuen. Berichten zufolge arbeitet der Technik-Gigant sowohl an einem neuen HomePod Mini 2 als auch an einer \u00fcberholten Version des Apple TV 4K. Beide Produkte werden vollst\u00e4ndig in das Smart-Home-\u00d6kosystem des Unternehmens integriert. Dazu geh\u00f6rt nicht nur die Unterst\u00fctzung von HomeKit, sondern m\u00f6glicherweise auch von Matter und Thread.<\/p>\n\n\n\n\n\n<p class=\"has-light-background-color has-background\">Da die letzte Version des Apple TV 4K von 2022 und der erste HomePod Mini von 2020 sind, ist diese Neuerung auch mehr als erw\u00fcnscht. Angeblich arbeitet Apple bereits akribisch an einem neuen hauseigenen Bluetooth- und Wi-Fi-Chip, den wir vermutlich auch in weiteren zuk\u00fcnftigen Produkten erwarten k\u00f6nnen. Ob dazu auch der Hub f\u00fcr die zentrale Ger\u00e4testeuerung oder eine Version des HomePods mit Display und Roboter-Arm, die beide aktuell nur Ger\u00fcchte sind, z\u00e4hlen, wird sich zeigen.<\/p>\n\n\n\n<h2 class=\"wp-block-heading has-white-color has-text-color has-background has-link-color wp-elements-0546a181dffd41c369114f183455df3b\" id=\"h-eufys-zentrale-app\" style=\"background-color:#1998fa\">eufys zentrale App<\/h2>\n\n\n\n<p class=\"has-light-background-color has-background\">Mit der neuen zentralen eufy App kannst Du ab sofort all Deine eufy-Ger\u00e4te \u2013 von Sicherheitskameras \u00fcber Saugroboter bis hin zu Pflegezubeh\u00f6r und Beleuchtungsl\u00f6sungen \u2013 bequem \u00fcber eine einzige Plattform steuern. \u00dcber separate Tabs f\u00fcr jede Kategorie beh\u00e4ltst Du den \u00dcberblick und kannst Deine Ger\u00e4te zentral verwalten. Ein Favoritenreiter sorgt daf\u00fcr, dass Du schnellen Zugriff auf Deine am h\u00e4ufigsten genutzten Ger\u00e4te hast. Neue Funktionen wie Automatisierungen geben Dir die M\u00f6glichkeit, Abl\u00e4ufe zu definieren \u2013 zum Beispiel kann eine Videoaufnahme automatisch starten, sobald jemand die T\u00fcrklingel bet\u00e4tigt. Das Hinzuf\u00fcgen neuer Ger\u00e4te war noch nie so einfach: Ein QR-Code-Scan gen\u00fcgt.<\/p>\n\n\n\n\n\n\n<p class=\"has-light-background-color has-background\">Die bisherigen Apps wie eufy Security oder eufy Clean bleiben zwar vorerst funktionsf\u00e4hig, werden aber keine neuen Features mehr erhalten. Daher empfiehlt es sich, auf die neue App umzusteigen, um von zuk\u00fcnftigen Funktionen und Verbesserungen zu profitieren. Der Rollout der neuen eufy App hat Anfang Januar 2025 begonnen und wird bis Ende des Monats abgeschlossen sein. Das Update erh\u00e4ltst Du ganz automatisch \u00fcber den App Store.<\/p>\n\n\n\n<h2 class=\"wp-block-heading has-white-color has-text-color has-background has-link-color wp-elements-1dd76fb4358fe9c937bb7e0bc80829b1\" id=\"h-google-home-app-bald-unterstutzung-fur-nest-protect\" style=\"background-color:#1998fa\">Google Home App: Bald Unterst\u00fctzung f\u00fcr Nest Protect<\/h2>\n\n\n\n<p class=\"has-light-background-color has-background\">Google hat angek\u00fcndigt, die Google Home App in naher Zukunft mit neuen Funktionen auszustatten. Der Rauch- und Kohlenmonoxidmelder Nest Protect wird vollst\u00e4ndig integriert, sodass Nutzer k\u00fcnftig Alarme, Statusinformationen und Benachrichtigungen direkt \u00fcber die App verwalten k\u00f6nnen. Zudem plant Google, Matter-basierte Smart Locks in die App zu integrieren. <\/p>\n\n\n\n\n\n<p class=\"has-light-background-color has-background\">Dies soll es erm\u00f6glichen, kompatible T\u00fcrschl\u00f6sser bequem \u00fcber die Google Home App zu steuern und so die Einrichtung und Verwaltung smarter Sicherheitssysteme zu vereinfachen. Mit diesen Neuerungen zeigt Google sein Engagement, die Kompatibilit\u00e4t und Nutzerfreundlichkeit seiner Smart-Home-Plattform weiter zu verbessern. Die Erweiterung unterstreicht die wachsende Bedeutung des Matter-Standards f\u00fcr die Zukunft des Smart Homes.<\/p>\n\n\n\n<h2 class=\"wp-block-heading has-white-color has-text-color has-background has-link-color wp-elements-8031d0039c6ce84c0b4dc3608f5dac33\" id=\"h-luftreiniger-als-beistelltisch-switchbot-machts-moglich\" style=\"background-color:#1998fa\">Luftreiniger als Beistelltisch &#8211; SwitchBot machts m\u00f6glich<\/h2>\n\n\n\n<p class=\"has-light-background-color has-background\">SwitchBot erweitert in den vergangenen Jahren immer wieder ihr Angebot. Mittlerweile findet sich in dem breiten Angebot auch ein Luftreiniger wieder. Der schlichte wei\u00dfe Zylinder&nbsp; saugt die Luft von mehreren Seiten ein und schickt sie durch ein 3-stufiges-Filtersystem. Doch dabei bleibt es nicht: SwitchBot erweitert diesen Luftreiniger nun auch um einen integrierten Tisch. Die Wahl steht noch zwischen einer wei\u00dfen Oberfl\u00e4che oder einer gr\u00f6\u00dferen Oberfl\u00e4che aus Holzimitat.<\/p>\n\n\n\n\n\n\n<p class=\"has-light-background-color has-background\">Diese gr\u00f6\u00dfere Version wird durch eine Qi-Ladefl\u00e4che f\u00fcr kabelloses Laden komplettiert. Mit dem Luftreiniger sollen vor allem Tierhalter angesprochen, da auch Tierhaare kein Problem f\u00fcr die Filterung darstellen. In Bezug auf die Stimmung kommen Dir \u00fcbrigens die integrierten Lichter zugute, deren Farbe und Helligkeit in der App beliebig konfiguriert werden k\u00f6nnen.<\/p>\n\n\n\n<h2 class=\"wp-block-heading has-white-color has-text-color has-background has-link-color wp-elements-2a7276a971c83ed8a4ba4e30375ed626\" id=\"h-sonos-ceo-zuruckgetreten\" style=\"background-color:#1998fa\">Sonos CEO zur\u00fcckgetreten<\/h2>\n\n\n\n<p class=\"has-light-background-color has-background\">Das vergangene Jahr hielt f\u00fcr viele Sonos-Nutzer die eine oder andere H\u00fcrde bereit. So entpuppte sich die neue und vermeintlich bessere Sonos App als ziemlicher Flop. Wichtige Funktionen wie Sleep Timer, Alarme und barrierefreie Optionen wurden entfernt, was nat\u00fcrlich auf Unverst\u00e4ndnis stie\u00df. Zus\u00e4tzlich meldeten Nutzer:innen Schwierigkeiten mit Verbindungen, eine tr\u00e4ge Leistung sowie eine un\u00fcbersichtliche Benutzeroberfl\u00e4che. Einige \u00e4ltere Sonos-Systeme wurden durch das Update sogar unbrauchbar. Als Konsequenz aus dem Umsatzr\u00fcckgang ist nun der langj\u00e4hrige CEO zur\u00fcckgetreten. Wir hoffen sehr, dass f\u00fcr dieses Jahr 2025 eine L\u00f6sung gefunden wird und Updates schnell Abhilfe schaffen.&nbsp;<\/p>\n\n\n\n\n\n\n<p><\/p>\n<\/div><\/div>\n\n\n\n<div class=\"wp-block-group\"><div class=\"wp-block-group__inner-container is-layout-constrained wp-block-group-is-layout-constrained\">\n<ul class=\"wp-block-social-links has-visible-labels has-icon-color has-icon-background-color is-content-justification-center is-layout-flex wp-container-core-social-links-is-layout-1 wp-block-social-links-is-layout-flex\"><li style=\"color: #ffffff; background-color: #1998fa; \" class=\"wp-social-link wp-social-link-mail has-white-color wp-block-social-link\"><a rel=\"noopener nofollow\" target=\"_blank\" href=\"https:\/\/www.tink.de\/tink-plus\" class=\"wp-block-social-link-anchor\"><svg width=\"24\" height=\"24\" viewBox=\"0 0 24 24\" version=\"1.1\" xmlns=\"http:\/\/www.w3.org\/2000\/svg\" aria-hidden=\"true\" focusable=\"false\"><path d=\"M19,5H5c-1.1,0-2,.9-2,2v10c0,1.1.9,2,2,2h14c1.1,0,2-.9,2-2V7c0-1.1-.9-2-2-2zm.5,12c0,.3-.2.5-.5.5H5c-.3,0-.5-.2-.5-.5V9.8l7.5,5.6,7.5-5.6V17zm0-9.1L12,13.6,4.5,7.9V7c0-.3.2-.5.5-.5h14c.3,0,.5.2.5.5v.9z\"><\/path><\/svg><span class=\"wp-block-social-link-label\">Werde jetzt kostenlos Mitglied im tink Plus Club \u2013 genie\u00dfe exklusive Angebote und gratis Versand<\/span><\/a><\/li><\/ul>\n\n\n\n<p><\/p>\n\n\n\n<div class=\"wp-block-group\"><div class=\"wp-block-group__inner-container is-layout-constrained wp-block-group-is-layout-constrained\"><div style=\"background-color:#1998fa;\" class=\"has-link-color has-text-color has-white-color has-background wp-block-post-author wp-elements-c83513c86e732e49984e2449b797dc29\"><div class=\"wp-block-post-author__avatar\"><img alt='' src='https:\/\/secure.gravatar.com\/avatar\/151f42135e24b5d4d2cc717d3f0a6535?s=96&#038;d=mm&#038;r=g' srcset='https:\/\/secure.gravatar.com\/avatar\/151f42135e24b5d4d2cc717d3f0a6535?s=192&#038;d=mm&#038;r=g 2x' class='avatar avatar-96 photo' height='96' width='96' \/><\/div><div class=\"wp-block-post-author__content\"><p class=\"wp-block-post-author__name\">Anton<\/p><p class=\"wp-block-post-author__bio\">Anton ist seit 2022 im Blog-Team von tink und hat seitdem 125+ Artikel verfasst. Zu seinen Lieblingsprodukten geh\u00f6ren vor allem Smart Speaker von Sonos. Bei smarten Lampen setzt Anton bewusst auf die Leuchtmittel von tink Basics.<\/p><\/div><\/div><\/div><\/div>\n<\/div><\/div>\n","protected":false},"excerpt":{"rendered":"<p>Yale mit Matter Lange mussten Fans der Yale Produkte auf die Integration ihres Yale Linus L2 Smart Locks in andere Systeme wie Amazon Alexa, Google Assistant oder Apple HomeKit warten. Doch mit dem neuesten Update k\u00f6nnen sie aufatmen. Durch die nun m\u00f6gliche Kommunikation mit Matter wird die Zusammenarbeit verschiedener Smart Home Ger\u00e4te deutlich vereinfacht. Das [&hellip;]<\/p>\n","protected":false},"author":5,"featured_media":2913,"comment_status":"closed","ping_status":"closed","sticky":false,"template":"","format":"standard","meta":{"_acf_changed":false,"_monsterinsights_skip_tracking":false,"_monsterinsights_sitenote_active":false,"_monsterinsights_sitenote_note":"","_monsterinsights_sitenote_category":0,"iawp_total_views":30,"_jetpack_memberships_contains_paid_content":false,"footnotes":""},"categories":[3277,7,3247],"tags":[754,134,677,841,133,21,503,3195,962],"brand":[],"acf":[],"yoast_head":"<!-- This site is optimized with the Yoast SEO plugin v24.5 - https:\/\/yoast.com\/wordpress\/plugins\/seo\/ -->\n<title>Smart Home News: Neuer HomePod 2025? - tink Blog<\/title>\n<meta name=\"description\" content=\"Yale Linus Smart Lock mit Matter? Ein neuer HomePod Mini kommt 2025? Diese und mehr Smart Home News bekommst Du hier bei tink.\" \/>\n<meta name=\"robots\" content=\"index, follow, max-snippet:-1, max-image-preview:large, max-video-preview:-1\" \/>\n<link rel=\"canonical\" href=\"https:\/\/www.tink.at\/blog\/smart-home-news-neuer-homepod-2025\/\" \/>\n<meta property=\"og:locale\" content=\"de_DE\" \/>\n<meta property=\"og:type\" content=\"article\" \/>\n<meta property=\"og:title\" content=\"Smart Home News: Neuer HomePod 2025? - tink Blog\" \/>\n<meta property=\"og:description\" content=\"Yale Linus Smart Lock mit Matter? Ein neuer HomePod Mini kommt 2025? Diese und mehr Smart Home News bekommst Du hier bei tink.\" \/>\n<meta property=\"og:url\" content=\"https:\/\/www.tink.at\/blog\/smart-home-news-neuer-homepod-2025\/\" \/>\n<meta property=\"og:site_name\" content=\"tink Blog AT\" \/>\n<meta property=\"article:published_time\" content=\"2025-01-23T15:34:29+00:00\" \/>\n<meta property=\"article:modified_time\" content=\"2025-09-30T15:48:58+00:00\" \/>\n<meta property=\"og:image\" content=\"https:\/\/www.tink.at\/blog\/wp-content\/uploads\/sites\/6\/2025\/02\/NEWS-1-full.webp\" \/>\n\t<meta property=\"og:image:width\" content=\"800\" \/>\n\t<meta property=\"og:image:height\" content=\"600\" \/>\n\t<meta property=\"og:image:type\" content=\"image\/webp\" \/>\n<meta name=\"author\" content=\"Anton\" \/>\n<meta name=\"twitter:card\" content=\"summary_large_image\" \/>\n<meta name=\"twitter:label1\" content=\"Verfasst von\" \/>\n\t<meta name=\"twitter:data1\" content=\"Anton\" \/>\n\t<meta name=\"twitter:label2\" content=\"Gesch\u00e4tzte Lesezeit\" \/>\n\t<meta name=\"twitter:data2\" content=\"5\u00a0Minuten\" \/>\n<script type=\"application\/ld+json\" class=\"yoast-schema-graph\">{\"@context\":\"https:\/\/schema.org\",\"@graph\":[{\"@type\":\"Article\",\"@id\":\"https:\/\/www.tink.at\/blog\/smart-home-news-neuer-homepod-2025\/#article\",\"isPartOf\":{\"@id\":\"https:\/\/www.tink.at\/blog\/smart-home-news-neuer-homepod-2025\/\"},\"author\":{\"name\":\"Anton\",\"@id\":\"https:\/\/www.tink.at\/blog\/#\/schema\/person\/856b14d6f77c7a13b255324ea18be47b\"},\"headline\":\"Smart Home News: Neuer HomePod 2025?\",\"datePublished\":\"2025-01-23T15:34:29+00:00\",\"dateModified\":\"2025-09-30T15:48:58+00:00\",\"mainEntityOfPage\":{\"@id\":\"https:\/\/www.tink.at\/blog\/smart-home-news-neuer-homepod-2025\/\"},\"wordCount\":818,\"publisher\":{\"@id\":\"https:\/\/www.tink.at\/blog\/#organization\"},\"image\":{\"@id\":\"https:\/\/www.tink.at\/blog\/smart-home-news-neuer-homepod-2025\/#primaryimage\"},\"thumbnailUrl\":\"https:\/\/www.tink.at\/blog\/wp-content\/uploads\/sites\/6\/2025\/02\/NEWS-1-full.webp\",\"keywords\":[\"Eufy\",\"Google Home\",\"HomePod mini\",\"Matter\",\"News\",\"Sonos\",\"Sonos App\",\"SwitchBot\",\"Yale\"],\"articleSection\":[\"Apple Home\",\"Smart Home News\",\"Thread\"],\"inLanguage\":\"de\"},{\"@type\":\"WebPage\",\"@id\":\"https:\/\/www.tink.at\/blog\/smart-home-news-neuer-homepod-2025\/\",\"url\":\"https:\/\/www.tink.at\/blog\/smart-home-news-neuer-homepod-2025\/\",\"name\":\"Smart Home News: Neuer HomePod 2025? - tink Blog\",\"isPartOf\":{\"@id\":\"https:\/\/www.tink.at\/blog\/#website\"},\"primaryImageOfPage\":{\"@id\":\"https:\/\/www.tink.at\/blog\/smart-home-news-neuer-homepod-2025\/#primaryimage\"},\"image\":{\"@id\":\"https:\/\/www.tink.at\/blog\/smart-home-news-neuer-homepod-2025\/#primaryimage\"},\"thumbnailUrl\":\"https:\/\/www.tink.at\/blog\/wp-content\/uploads\/sites\/6\/2025\/02\/NEWS-1-full.webp\",\"datePublished\":\"2025-01-23T15:34:29+00:00\",\"dateModified\":\"2025-09-30T15:48:58+00:00\",\"description\":\"Yale Linus Smart Lock mit Matter? Ein neuer HomePod Mini kommt 2025? Diese und mehr Smart Home News bekommst Du hier bei tink.\",\"breadcrumb\":{\"@id\":\"https:\/\/www.tink.at\/blog\/smart-home-news-neuer-homepod-2025\/#breadcrumb\"},\"inLanguage\":\"de\",\"potentialAction\":[{\"@type\":\"ReadAction\",\"target\":[\"https:\/\/www.tink.at\/blog\/smart-home-news-neuer-homepod-2025\/\"]}]},{\"@type\":\"ImageObject\",\"inLanguage\":\"de\",\"@id\":\"https:\/\/www.tink.at\/blog\/smart-home-news-neuer-homepod-2025\/#primaryimage\",\"url\":\"https:\/\/www.tink.at\/blog\/wp-content\/uploads\/sites\/6\/2025\/02\/NEWS-1-full.webp\",\"contentUrl\":\"https:\/\/www.tink.at\/blog\/wp-content\/uploads\/sites\/6\/2025\/02\/NEWS-1-full.webp\",\"width\":800,\"height\":600},{\"@type\":\"BreadcrumbList\",\"@id\":\"https:\/\/www.tink.at\/blog\/smart-home-news-neuer-homepod-2025\/#breadcrumb\",\"itemListElement\":[{\"@type\":\"ListItem\",\"position\":1,\"name\":\"Home\",\"item\":\"https:\/\/www.tink.at\/blog\/\"},{\"@type\":\"ListItem\",\"position\":2,\"name\":\"Smart Home News: Neuer HomePod 2025?\"}]},{\"@type\":\"WebSite\",\"@id\":\"https:\/\/www.tink.at\/blog\/#website\",\"url\":\"https:\/\/www.tink.at\/blog\/\",\"name\":\"tink Blog\",\"description\":\"tink Smart Home Blog\",\"publisher\":{\"@id\":\"https:\/\/www.tink.at\/blog\/#organization\"},\"potentialAction\":[{\"@type\":\"SearchAction\",\"target\":{\"@type\":\"EntryPoint\",\"urlTemplate\":\"https:\/\/www.tink.at\/blog\/?s={search_term_string}\"},\"query-input\":{\"@type\":\"PropertyValueSpecification\",\"valueRequired\":true,\"valueName\":\"search_term_string\"}}],\"inLanguage\":\"de\"},{\"@type\":\"Organization\",\"@id\":\"https:\/\/www.tink.at\/blog\/#organization\",\"name\":\"tink GmbH\",\"alternateName\":\"tink\",\"url\":\"https:\/\/www.tink.at\/blog\/\",\"logo\":{\"@type\":\"ImageObject\",\"inLanguage\":\"de\",\"@id\":\"https:\/\/www.tink.at\/blog\/#\/schema\/logo\/image\/\",\"url\":\"https:\/\/www.tink.at\/blog\/wp-content\/uploads\/sites\/6\/2025\/08\/tink-Logo.png\",\"contentUrl\":\"https:\/\/www.tink.at\/blog\/wp-content\/uploads\/sites\/6\/2025\/08\/tink-Logo.png\",\"width\":500,\"height\":500,\"caption\":\"tink GmbH\"},\"image\":{\"@id\":\"https:\/\/www.tink.at\/blog\/#\/schema\/logo\/image\/\"}},{\"@type\":\"Person\",\"@id\":\"https:\/\/www.tink.at\/blog\/#\/schema\/person\/856b14d6f77c7a13b255324ea18be47b\",\"name\":\"Anton\",\"image\":{\"@type\":\"ImageObject\",\"inLanguage\":\"de\",\"@id\":\"https:\/\/www.tink.at\/blog\/#\/schema\/person\/image\/\",\"url\":\"https:\/\/secure.gravatar.com\/avatar\/151f42135e24b5d4d2cc717d3f0a6535?s=96&d=mm&r=g\",\"contentUrl\":\"https:\/\/secure.gravatar.com\/avatar\/151f42135e24b5d4d2cc717d3f0a6535?s=96&d=mm&r=g\",\"caption\":\"Anton\"},\"description\":\"Anton ist seit 2022 im Blog-Team von tink und hat seitdem 125+ Artikel verfasst. Zu seinen Lieblingsprodukten geh\u00f6ren vor allem Smart Speaker von Sonos. Bei smarten Lampen setzt Anton bewusst auf die Leuchtmittel von tink Basics.\",\"url\":\"https:\/\/www.tink.at\/blog\/author\/anton\/\"}]}<\/script>\n<!-- \/ Yoast SEO plugin. -->","yoast_head_json":{"title":"Smart Home News: Neuer HomePod 2025? - tink Blog","description":"Yale Linus Smart Lock mit Matter? Ein neuer HomePod Mini kommt 2025? Diese und mehr Smart Home News bekommst Du hier bei tink.","robots":{"index":"index","follow":"follow","max-snippet":"max-snippet:-1","max-image-preview":"max-image-preview:large","max-video-preview":"max-video-preview:-1"},"canonical":"https:\/\/www.tink.at\/blog\/smart-home-news-neuer-homepod-2025\/","og_locale":"de_DE","og_type":"article","og_title":"Smart Home News: Neuer HomePod 2025? - tink Blog","og_description":"Yale Linus Smart Lock mit Matter? Ein neuer HomePod Mini kommt 2025? Diese und mehr Smart Home News bekommst Du hier bei tink.","og_url":"https:\/\/www.tink.at\/blog\/smart-home-news-neuer-homepod-2025\/","og_site_name":"tink Blog AT","article_published_time":"2025-01-23T15:34:29+00:00","article_modified_time":"2025-09-30T15:48:58+00:00","og_image":[{"width":800,"height":600,"url":"https:\/\/www.tink.at\/blog\/wp-content\/uploads\/sites\/6\/2025\/02\/NEWS-1-full.webp","type":"image\/webp"}],"author":"Anton","twitter_card":"summary_large_image","twitter_misc":{"Verfasst von":"Anton","Gesch\u00e4tzte Lesezeit":"5\u00a0Minuten"},"schema":{"@context":"https:\/\/schema.org","@graph":[{"@type":"Article","@id":"https:\/\/www.tink.at\/blog\/smart-home-news-neuer-homepod-2025\/#article","isPartOf":{"@id":"https:\/\/www.tink.at\/blog\/smart-home-news-neuer-homepod-2025\/"},"author":{"name":"Anton","@id":"https:\/\/www.tink.at\/blog\/#\/schema\/person\/856b14d6f77c7a13b255324ea18be47b"},"headline":"Smart Home News: Neuer HomePod 2025?","datePublished":"2025-01-23T15:34:29+00:00","dateModified":"2025-09-30T15:48:58+00:00","mainEntityOfPage":{"@id":"https:\/\/www.tink.at\/blog\/smart-home-news-neuer-homepod-2025\/"},"wordCount":818,"publisher":{"@id":"https:\/\/www.tink.at\/blog\/#organization"},"image":{"@id":"https:\/\/www.tink.at\/blog\/smart-home-news-neuer-homepod-2025\/#primaryimage"},"thumbnailUrl":"https:\/\/www.tink.at\/blog\/wp-content\/uploads\/sites\/6\/2025\/02\/NEWS-1-full.webp","keywords":["Eufy","Google Home","HomePod mini","Matter","News","Sonos","Sonos App","SwitchBot","Yale"],"articleSection":["Apple Home","Smart Home News","Thread"],"inLanguage":"de"},{"@type":"WebPage","@id":"https:\/\/www.tink.at\/blog\/smart-home-news-neuer-homepod-2025\/","url":"https:\/\/www.tink.at\/blog\/smart-home-news-neuer-homepod-2025\/","name":"Smart Home News: Neuer HomePod 2025? - tink Blog","isPartOf":{"@id":"https:\/\/www.tink.at\/blog\/#website"},"primaryImageOfPage":{"@id":"https:\/\/www.tink.at\/blog\/smart-home-news-neuer-homepod-2025\/#primaryimage"},"image":{"@id":"https:\/\/www.tink.at\/blog\/smart-home-news-neuer-homepod-2025\/#primaryimage"},"thumbnailUrl":"https:\/\/www.tink.at\/blog\/wp-content\/uploads\/sites\/6\/2025\/02\/NEWS-1-full.webp","datePublished":"2025-01-23T15:34:29+00:00","dateModified":"2025-09-30T15:48:58+00:00","description":"Yale Linus Smart Lock mit Matter? Ein neuer HomePod Mini kommt 2025? Diese und mehr Smart Home News bekommst Du hier bei tink.","breadcrumb":{"@id":"https:\/\/www.tink.at\/blog\/smart-home-news-neuer-homepod-2025\/#breadcrumb"},"inLanguage":"de","potentialAction":[{"@type":"ReadAction","target":["https:\/\/www.tink.at\/blog\/smart-home-news-neuer-homepod-2025\/"]}]},{"@type":"ImageObject","inLanguage":"de","@id":"https:\/\/www.tink.at\/blog\/smart-home-news-neuer-homepod-2025\/#primaryimage","url":"https:\/\/www.tink.at\/blog\/wp-content\/uploads\/sites\/6\/2025\/02\/NEWS-1-full.webp","contentUrl":"https:\/\/www.tink.at\/blog\/wp-content\/uploads\/sites\/6\/2025\/02\/NEWS-1-full.webp","width":800,"height":600},{"@type":"BreadcrumbList","@id":"https:\/\/www.tink.at\/blog\/smart-home-news-neuer-homepod-2025\/#breadcrumb","itemListElement":[{"@type":"ListItem","position":1,"name":"Home","item":"https:\/\/www.tink.at\/blog\/"},{"@type":"ListItem","position":2,"name":"Smart Home News: Neuer HomePod 2025?"}]},{"@type":"WebSite","@id":"https:\/\/www.tink.at\/blog\/#website","url":"https:\/\/www.tink.at\/blog\/","name":"tink Blog","description":"tink Smart Home Blog","publisher":{"@id":"https:\/\/www.tink.at\/blog\/#organization"},"potentialAction":[{"@type":"SearchAction","target":{"@type":"EntryPoint","urlTemplate":"https:\/\/www.tink.at\/blog\/?s={search_term_string}"},"query-input":{"@type":"PropertyValueSpecification","valueRequired":true,"valueName":"search_term_string"}}],"inLanguage":"de"},{"@type":"Organization","@id":"https:\/\/www.tink.at\/blog\/#organization","name":"tink GmbH","alternateName":"tink","url":"https:\/\/www.tink.at\/blog\/","logo":{"@type":"ImageObject","inLanguage":"de","@id":"https:\/\/www.tink.at\/blog\/#\/schema\/logo\/image\/","url":"https:\/\/www.tink.at\/blog\/wp-content\/uploads\/sites\/6\/2025\/08\/tink-Logo.png","contentUrl":"https:\/\/www.tink.at\/blog\/wp-content\/uploads\/sites\/6\/2025\/08\/tink-Logo.png","width":500,"height":500,"caption":"tink GmbH"},"image":{"@id":"https:\/\/www.tink.at\/blog\/#\/schema\/logo\/image\/"}},{"@type":"Person","@id":"https:\/\/www.tink.at\/blog\/#\/schema\/person\/856b14d6f77c7a13b255324ea18be47b","name":"Anton","image":{"@type":"ImageObject","inLanguage":"de","@id":"https:\/\/www.tink.at\/blog\/#\/schema\/person\/image\/","url":"https:\/\/secure.gravatar.com\/avatar\/151f42135e24b5d4d2cc717d3f0a6535?s=96&d=mm&r=g","contentUrl":"https:\/\/secure.gravatar.com\/avatar\/151f42135e24b5d4d2cc717d3f0a6535?s=96&d=mm&r=g","caption":"Anton"},"description":"Anton ist seit 2022 im Blog-Team von tink und hat seitdem 125+ Artikel verfasst. Zu seinen Lieblingsprodukten geh\u00f6ren vor allem Smart Speaker von Sonos. Bei smarten Lampen setzt Anton bewusst auf die Leuchtmittel von tink Basics.","url":"https:\/\/www.tink.at\/blog\/author\/anton\/"}]}},"jetpack_featured_media_url":"https:\/\/www.tink.at\/blog\/wp-content\/uploads\/sites\/6\/2025\/02\/NEWS-1-full.webp","jetpack_sharing_enabled":true,"_links":{"self":[{"href":"https:\/\/www.tink.at\/blog\/wp-json\/wp\/v2\/posts\/2912"}],"collection":[{"href":"https:\/\/www.tink.at\/blog\/wp-json\/wp\/v2\/posts"}],"about":[{"href":"https:\/\/www.tink.at\/blog\/wp-json\/wp\/v2\/types\/post"}],"author":[{"embeddable":true,"href":"https:\/\/www.tink.at\/blog\/wp-json\/wp\/v2\/users\/5"}],"replies":[{"embeddable":true,"href":"https:\/\/www.tink.at\/blog\/wp-json\/wp\/v2\/comments?post=2912"}],"version-history":[{"count":1,"href":"https:\/\/www.tink.at\/blog\/wp-json\/wp\/v2\/posts\/2912\/revisions"}],"predecessor-version":[{"id":2914,"href":"https:\/\/www.tink.at\/blog\/wp-json\/wp\/v2\/posts\/2912\/revisions\/2914"}],"wp:featuredmedia":[{"embeddable":true,"href":"https:\/\/www.tink.at\/blog\/wp-json\/wp\/v2\/media\/2913"}],"wp:attachment":[{"href":"https:\/\/www.tink.at\/blog\/wp-json\/wp\/v2\/media?parent=2912"}],"wp:term":[{"taxonomy":"category","embeddable":true,"href":"https:\/\/www.tink.at\/blog\/wp-json\/wp\/v2\/categories?post=2912"},{"taxonomy":"post_tag","embeddable":true,"href":"https:\/\/www.tink.at\/blog\/wp-json\/wp\/v2\/tags?post=2912"},{"taxonomy":"brand","embeddable":true,"href":"https:\/\/www.tink.at\/blog\/wp-json\/wp\/v2\/brand?post=2912"}],"curies":[{"name":"wp","href":"https:\/\/api.w.org\/{rel}","templated":true}]}}