{"id":462,"date":"2019-09-02T04:26:03","date_gmt":"2019-09-02T02:26:03","guid":{"rendered":"http:\/\/sftp-tink.com\/at\/2019\/09\/02\/ifa-2019-die-grosse-smart-home-vorschau\/"},"modified":"2024-02-18T10:17:28","modified_gmt":"2024-02-18T09:17:28","slug":"ifa-2019-die-grosse-smart-home-vorschau","status":"publish","type":"post","link":"https:\/\/www.tink.at\/blog\/ifa-2019-die-grosse-smart-home-vorschau\/","title":{"rendered":"IFA 2019: Die gro\u00dfe Smart-Home-Vorschau"},"content":{"rendered":"<p><div id=\"tdi_1\" class=\"tdc-row\"><div class=\"vc_row tdi_2  wpb_row td-pb-row\" >\n<style scoped>\n\/* custom css - generated by TagDiv Composer *\/\n\n\/* custom css - generated by TagDiv Composer *\/\n.tdi_2,\r\n                .tdi_2 .tdc-columns{\r\n                    min-height: 0;\r\n                }.tdi_2,\r\n\t\t\t\t.tdi_2 .tdc-columns{\r\n\t\t\t\t    display: block;\r\n\t\t\t\t}.tdi_2 .tdc-columns{\r\n\t\t\t\t    width: 100%;\r\n\t\t\t\t}.tdi_2:before,\r\n\t\t\t\t.tdi_2:after{\r\n\t\t\t\t    display: table;\r\n\t\t\t\t}\n<\/style><div class=\"vc_column tdi_4  wpb_column vc_column_container tdc-column td-pb-span12\">\n<style scoped>\n\/* custom css - generated by TagDiv Composer *\/\n\n\/* custom css - generated by TagDiv Composer *\/\n.tdi_4{\r\n                    vertical-align: baseline;\r\n                }.tdi_4 > .wpb_wrapper,\r\n\t\t\t\t.tdi_4 > .wpb_wrapper > .tdc-elements{\r\n\t\t\t\t    display: block;\r\n\t\t\t\t}.tdi_4 > .wpb_wrapper > .tdc-elements{\r\n\t\t\t\t    width: 100%;\r\n\t\t\t\t}.tdi_4 > .wpb_wrapper > .vc_row_inner{\r\n\t\t\t\t    width: auto;\r\n\t\t\t\t}.tdi_4 > .wpb_wrapper{\r\n\t\t\t\t    width: auto;\r\n\t\t\t\t    height: auto;\r\n\t\t\t\t}\n<\/style><div class=\"wpb_wrapper\" ><div class=\"wpb_wrapper wpb_text_column td_block_wrap td_block_wrap vc_column_text tdi_5  tagdiv-type td-pb-border-top td_block_template_1\"  data-td-block-uid=\"tdi_5\" >\n<style>\n\/* custom css - generated by TagDiv Composer *\/\n.vc_column_text > .td-element-style{\r\n\t\t\t\t\tz-index: -1;\r\n\t\t\t\t}\n<\/style><div class=\"td-fix-index\"><p>Diese Woche ist es wieder so weit. Die <a href=\"https:\/\/b2b.ifa-berlin.com\/de\/\" target=\"_blank\" rel=\"noopener noreferrer\">IFA 2019<\/a> \u00f6ffnet ihre T\u00fcren in Berlin. Doch bereits im Vorfeld nutzen einige Hersteller die Zeit, um ihre Neuheiten anzuk\u00fcndigen. Au\u00dferdem gibt es nat\u00fcrlich einige Ger\u00fcchte rund um neue Produkte und Services. Wir fassen in unserer IFA 2019 Vorschau alles Wichtige aus dem Bereich Smart Home kurz und knapp f\u00fcr Dich zusammen.<\/p>\n<\/div><\/div><\/div><\/div><\/div><\/div><div id=\"tdi_6\" class=\"tdc-row\"><div class=\"vc_row tdi_7  wpb_row td-pb-row\" >\n<style scoped>\n\/* custom css - generated by TagDiv Composer *\/\n\n\/* custom css - generated by TagDiv Composer *\/\n.tdi_7,\r\n                .tdi_7 .tdc-columns{\r\n                    min-height: 0;\r\n                }.tdi_7,\r\n\t\t\t\t.tdi_7 .tdc-columns{\r\n\t\t\t\t    display: block;\r\n\t\t\t\t}.tdi_7 .tdc-columns{\r\n\t\t\t\t    width: 100%;\r\n\t\t\t\t}.tdi_7:before,\r\n\t\t\t\t.tdi_7:after{\r\n\t\t\t\t    display: table;\r\n\t\t\t\t}\n<\/style><div class=\"vc_column tdi_9  wpb_column vc_column_container tdc-column td-pb-span12\">\n<style scoped>\n\/* custom css - generated by TagDiv Composer *\/\n\n\/* custom css - generated by TagDiv Composer *\/\n.tdi_9{\r\n                    vertical-align: baseline;\r\n                }.tdi_9 > .wpb_wrapper,\r\n\t\t\t\t.tdi_9 > .wpb_wrapper > .tdc-elements{\r\n\t\t\t\t    display: block;\r\n\t\t\t\t}.tdi_9 > .wpb_wrapper > .tdc-elements{\r\n\t\t\t\t    width: 100%;\r\n\t\t\t\t}.tdi_9 > .wpb_wrapper > .vc_row_inner{\r\n\t\t\t\t    width: auto;\r\n\t\t\t\t}.tdi_9 > .wpb_wrapper{\r\n\t\t\t\t    width: auto;\r\n\t\t\t\t    height: auto;\r\n\t\t\t\t}\n<\/style><div class=\"wpb_wrapper\" ><div class=\"wpb_wrapper wpb_text_column td_block_wrap td_block_wrap vc_column_text tdi_10  tagdiv-type td-pb-border-top td_block_template_1\"  data-td-block-uid=\"tdi_10\" ><div class=\"td-fix-index\"><h2>Neue SONOS Lautsprecher und ein neuer Connect?<\/h2>\n<\/div><\/div><div class=\"wpb_wrapper wpb_text_column td_block_wrap td_block_wrap vc_column_text tdi_11  tagdiv-type td-pb-border-top td_block_template_1\"  data-td-block-uid=\"tdi_11\" ><div class=\"td-fix-index\"><p>Bereits in den vergangenen Wochen sickerte immer mehr Details durch. SONOS bringt p\u00fcnktlich zur IFA 2019 jede Menge neue Ger\u00e4te. Darunter zwei neue Lautsprecher und h\u00f6chstwahrscheinlich einen Nachfolger f\u00fcr den SONOS Connect. Zwar gab es bereits einige Leaks, doch SONOS h\u00e4lt sich immer noch sehr bedeckt.<\/p>\n<\/div><\/div><div class=\"wpb_wrapper wpb_text_column td_block_wrap td_block_wrap vc_column_text tdi_12  tagdiv-type td-pb-border-top td_block_template_1\"  data-td-block-uid=\"tdi_12\" ><div class=\"td-fix-index\"><p>Fassen wir also zusammen, was die Ger\u00fcchtek\u00fcche bisher sagt. Zum einen erwarten die SONOS Fans einen Nachfolger vom PLAY:3, den SONOS ja schon seit einiger Zeit nicht mehr im Programm hat. Das Besondere: Das Ger\u00e4t soll Bluetooth und WLAN als \u00dcbertragungsstandard nutzen und einen Akku samt Ladestation besitzen. Damit k\u00f6nntest Du die SONOS Box sowohl station\u00e4r, also auch f\u00fcr einige Zeit unterwegs oder im Garten nutzen.<\/p>\n<\/div><\/div><div class=\"wpb_wrapper td_block_single_image td_block_wrap\"><\/div><div class=\"wpb_wrapper wpb_text_column td_block_wrap td_block_wrap vc_column_text tdi_14  tagdiv-type td-pb-border-top td_block_template_1\"  data-td-block-uid=\"tdi_14\" ><div class=\"td-fix-index\"><p>Dar\u00fcber hinaus scheint auch noch ein neuer Speaker in der Warteschlange stehen, der die PLAY:1 abl\u00f6st. Optisch erwarten wir deshalb ein \u00e4hnliches Design wie bei der SONOS ONE. Denn SONOS setzt bei der Optik immer auf hochwertige Materialien und ein in das komplette System passendes \u00c4u\u00dferes. Was das Innenleben angeht, ist noch nicht viel durchgesickert. Sollte es sich wirklich um einen PLAY:1 Nachfolger handeln, gehen wir davon aus, dass SONOS auf integrierte Sprachassistenten verzichtet.<\/p>\n<\/div><\/div><div class=\"wpb_wrapper wpb_text_column td_block_wrap td_block_wrap vc_column_text tdi_15  tagdiv-type td-pb-border-top td_block_template_1\"  data-td-block-uid=\"tdi_15\" ><div class=\"td-fix-index\"><p>Zu guter Letzt verpasst SONOS wohl auch dem Connect einen frischen Anstrich. Mit dem Connect schlie\u00dft Du ja aktuell Aktivboxen an und bindest sie so in das SONOS Multiroom System ein.<\/p>\n<\/div><\/div><\/div><\/div><\/div><\/div><div id=\"tdi_16\" class=\"tdc-row\"><div class=\"vc_row tdi_17  wpb_row td-pb-row\" >\n<style scoped>\n\/* custom css - generated by TagDiv Composer *\/\n\n\/* custom css - generated by TagDiv Composer *\/\n.tdi_17,\r\n                .tdi_17 .tdc-columns{\r\n                    min-height: 0;\r\n                }.tdi_17,\r\n\t\t\t\t.tdi_17 .tdc-columns{\r\n\t\t\t\t    display: block;\r\n\t\t\t\t}.tdi_17 .tdc-columns{\r\n\t\t\t\t    width: 100%;\r\n\t\t\t\t}.tdi_17:before,\r\n\t\t\t\t.tdi_17:after{\r\n\t\t\t\t    display: table;\r\n\t\t\t\t}\n<\/style><div class=\"vc_column tdi_19  wpb_column vc_column_container tdc-column td-pb-span12\">\n<style scoped>\n\/* custom css - generated by TagDiv Composer *\/\n\n\/* custom css - generated by TagDiv Composer *\/\n.tdi_19{\r\n                    vertical-align: baseline;\r\n                }.tdi_19 > .wpb_wrapper,\r\n\t\t\t\t.tdi_19 > .wpb_wrapper > .tdc-elements{\r\n\t\t\t\t    display: block;\r\n\t\t\t\t}.tdi_19 > .wpb_wrapper > .tdc-elements{\r\n\t\t\t\t    width: 100%;\r\n\t\t\t\t}.tdi_19 > .wpb_wrapper > .vc_row_inner{\r\n\t\t\t\t    width: auto;\r\n\t\t\t\t}.tdi_19 > .wpb_wrapper{\r\n\t\t\t\t    width: auto;\r\n\t\t\t\t    height: auto;\r\n\t\t\t\t}\n<\/style><div class=\"wpb_wrapper\" ><div class=\"wpb_wrapper wpb_text_column td_block_wrap td_block_wrap vc_column_text tdi_20  tagdiv-type td-pb-border-top td_block_template_1\"  data-td-block-uid=\"tdi_20\" ><div class=\"td-fix-index\"><h2>Neue Philips Hue Lampen &amp; Philips Hue Smart Plug<\/h2>\n<\/div><\/div><div class=\"wpb_wrapper wpb_text_column td_block_wrap td_block_wrap vc_column_text tdi_21  tagdiv-type td-pb-border-top td_block_template_1\"  data-td-block-uid=\"tdi_21\" ><div class=\"td-fix-index\"><p>Offiziell ist Philips Hue dieses Jahr nicht auf der IFA. Doch nat\u00fcrlich l\u00e4sst sich der Spezialist f\u00fcr smarte Lampen nicht entgehen, zu IFA 2019 neue Produkte zu launchen. Zum einen gibt es zahlreichen Lampen, die jetzt auch mit Bluetooth und damit ohne Philips Hue Bridge funktionieren. Darunter auch wundersch\u00f6ne Filament Varianten. Aber scheint es auch noch zwei andere sehr interessante Produkte zu geben: den Philips Hue Plug und den Philips Hue Smart Button.<\/p>\n<\/div><\/div><div class=\"wpb_wrapper td_block_single_image td_block_wrap\"><\/div><div class=\"wpb_wrapper wpb_text_column td_block_wrap td_block_wrap vc_column_text tdi_23  tagdiv-type td-pb-border-top td_block_template_1\"  data-td-block-uid=\"tdi_23\" ><div class=\"td-fix-index\"><p>Mit dem Philips Hue Plug schlie\u00dft sich endlich die L\u00fccke eines smarten Zwischensteckers in Deinem Hue Lichtsystem. Hier warst Du bisher auf andere Hersteller angewiesen. Und diese sind meist nicht mit Apple HomeKit kompatibel. Was genau hinter dem Philips Smart Button steckt, wei\u00df man dagegen nicht so genau. Das gute St\u00fcck war nach Angaben von <a href=\"https:\/\/hueblog.de\/2019\/08\/28\/philips-hue-bestaetigt-smart-plug-und-smart-button\/\" target=\"_blank\" rel=\"noopener noreferrer\">Hueblog.de<\/a> kurzzeitig in der Produkt\u00fcbersicht auf der Hue Website zu sehen. Verschwand aber genauso schnell wieder.<\/p>\n<\/div><\/div><\/div><\/div><\/div><\/div><div id=\"tdi_24\" class=\"tdc-row\"><div class=\"vc_row tdi_25  wpb_row td-pb-row\" >\n<style scoped>\n\/* custom css - generated by TagDiv Composer *\/\n\n\/* custom css - generated by TagDiv Composer *\/\n.tdi_25,\r\n                .tdi_25 .tdc-columns{\r\n                    min-height: 0;\r\n                }.tdi_25,\r\n\t\t\t\t.tdi_25 .tdc-columns{\r\n\t\t\t\t    display: block;\r\n\t\t\t\t}.tdi_25 .tdc-columns{\r\n\t\t\t\t    width: 100%;\r\n\t\t\t\t}.tdi_25:before,\r\n\t\t\t\t.tdi_25:after{\r\n\t\t\t\t    display: table;\r\n\t\t\t\t}\n<\/style><div class=\"vc_column tdi_27  wpb_column vc_column_container tdc-column td-pb-span12\">\n<style scoped>\n\/* custom css - generated by TagDiv Composer *\/\n\n\/* custom css - generated by TagDiv Composer *\/\n.tdi_27{\r\n                    vertical-align: baseline;\r\n                }.tdi_27 > .wpb_wrapper,\r\n\t\t\t\t.tdi_27 > .wpb_wrapper > .tdc-elements{\r\n\t\t\t\t    display: block;\r\n\t\t\t\t}.tdi_27 > .wpb_wrapper > .tdc-elements{\r\n\t\t\t\t    width: 100%;\r\n\t\t\t\t}.tdi_27 > .wpb_wrapper > .vc_row_inner{\r\n\t\t\t\t    width: auto;\r\n\t\t\t\t}.tdi_27 > .wpb_wrapper{\r\n\t\t\t\t    width: auto;\r\n\t\t\t\t    height: auto;\r\n\t\t\t\t}\n<\/style><div class=\"wpb_wrapper\" ><div class=\"wpb_wrapper wpb_text_column td_block_wrap td_block_wrap vc_column_text tdi_28  tagdiv-type td-pb-border-top td_block_template_1\"  data-td-block-uid=\"tdi_28\" ><div class=\"td-fix-index\"><h2>Nie wieder Reichweiten-Probleme mit Eve Extend<\/h2>\n<\/div><\/div><div class=\"wpb_wrapper wpb_text_column td_block_wrap td_block_wrap vc_column_text tdi_29  tagdiv-type td-pb-border-top td_block_template_1\"  data-td-block-uid=\"tdi_29\" ><div class=\"td-fix-index\"><p>Du bist Eve Nutzer? Dann wird die kommende Woche ein besonderer Moment. Denn dann gibt es den Eve Extend Bluetooth Range Extender. Das smarte Ger\u00e4t verbindet sich mit Deinen Eve Produkten \u00fcber Bluetooth und mit Deinem Router \u00fcber WLAN. Das Ergebnis: \u00dcberall, wo Du WLAN-Empfang hast, greifst Du jetzt mit iPad oder iPhone auf Deine Eve Komponenten zu. Vor allem f\u00fcr den Eve Aqua im Garten und Eve Thermo in oberen Etagen die perfekte Erg\u00e4nzung.<\/p>\n<\/div><\/div><div class=\"wpb_wrapper td_block_single_image td_block_wrap\"><\/div>[vc_btn title=&#8220;ZUM PRODUKT&#8220; style=&#8220;flat&#8220; shape=&#8220;square&#8220; color=&#8220;black&#8220; link=&#8220;url:https%3A%2F%2Fwww.tink.at%2Feve-extend-bluetooth-reichweitenverstarker|title:Hol%20Dir%20den%20Eve%20Extend%20versandkostenfrei%20im%20tink%20Shop!||rel:nofollow&#8220; el_class=&#8220;product_button&#8220;]<\/div><\/div><\/div><\/div><div id=\"tdi_31\" class=\"tdc-row\"><div class=\"vc_row tdi_32  wpb_row td-pb-row\" >\n<style scoped>\n\/* custom css - generated by TagDiv Composer *\/\n\n\/* custom css - generated by TagDiv Composer *\/\n.tdi_32,\r\n                .tdi_32 .tdc-columns{\r\n                    min-height: 0;\r\n                }.tdi_32,\r\n\t\t\t\t.tdi_32 .tdc-columns{\r\n\t\t\t\t    display: block;\r\n\t\t\t\t}.tdi_32 .tdc-columns{\r\n\t\t\t\t    width: 100%;\r\n\t\t\t\t}.tdi_32:before,\r\n\t\t\t\t.tdi_32:after{\r\n\t\t\t\t    display: table;\r\n\t\t\t\t}\n<\/style><div class=\"vc_column tdi_34  wpb_column vc_column_container tdc-column td-pb-span12\">\n<style scoped>\n\/* custom css - generated by TagDiv Composer *\/\n\n\/* custom css - generated by TagDiv Composer *\/\n.tdi_34{\r\n                    vertical-align: baseline;\r\n                }.tdi_34 > .wpb_wrapper,\r\n\t\t\t\t.tdi_34 > .wpb_wrapper > .tdc-elements{\r\n\t\t\t\t    display: block;\r\n\t\t\t\t}.tdi_34 > .wpb_wrapper > .tdc-elements{\r\n\t\t\t\t    width: 100%;\r\n\t\t\t\t}.tdi_34 > .wpb_wrapper > .vc_row_inner{\r\n\t\t\t\t    width: auto;\r\n\t\t\t\t}.tdi_34 > .wpb_wrapper{\r\n\t\t\t\t    width: auto;\r\n\t\t\t\t    height: auto;\r\n\t\t\t\t}\n<\/style><div class=\"wpb_wrapper\" ><div class=\"wpb_wrapper wpb_text_column td_block_wrap td_block_wrap vc_column_text tdi_35  tagdiv-type td-pb-border-top td_block_template_1\"  data-td-block-uid=\"tdi_35\" ><div class=\"td-fix-index\"><h2>Nuki Opener &amp; Works with Nuki<\/h2>\n<\/div><\/div><div class=\"wpb_wrapper wpb_text_column td_block_wrap td_block_wrap vc_column_text tdi_36  tagdiv-type td-pb-border-top td_block_template_1\"  data-td-block-uid=\"tdi_36\" ><div class=\"td-fix-index\"><p>Auch Nuki l\u00e4sst sich zur IFA nicht lumpen. Zum einen startet der Verkauf des Nuki Openers. Das smarte Ger\u00e4t verbindest Du mit Deiner Gegensprechanlage und nutzt es so als T\u00fcr\u00f6ffner f\u00fcr die Haust\u00fcr in Mehrfamilienh\u00e4usern.<\/p>\n<\/div><\/div>[vc_video link=&#8220;https:\/\/youtu.be\/8fpv_esRY-M&#8220; align=&#8220;center&#8220;]<div class=\"wpb_wrapper wpb_text_column td_block_wrap td_block_wrap vc_column_text tdi_37  tagdiv-type td-pb-border-top td_block_template_1\"  data-td-block-uid=\"tdi_37\" ><div class=\"td-fix-index\"><p>Ebenfalls interessant: Nuki stellt das Programm \u201eWorks with Nuki\u201c vor. Dahinter verbergen sich Kooperationen mit Zylinder- und Schlossherstellern. Zum Start dabei ist die italienische Marke Cisa. Die komplette Nuki Technik wandert so in den Zylinder und erm\u00f6glicht so eine nahtlose Integration der Nuki Vorteile in Deine T\u00fcr.<\/p>\n<\/div><\/div><\/div><\/div><\/div><\/div><div id=\"tdi_38\" class=\"tdc-row\"><div class=\"vc_row tdi_39  wpb_row td-pb-row\" >\n<style scoped>\n\/* custom css - generated by TagDiv Composer *\/\n\n\/* custom css - generated by TagDiv Composer *\/\n.tdi_39,\r\n                .tdi_39 .tdc-columns{\r\n                    min-height: 0;\r\n                }.tdi_39,\r\n\t\t\t\t.tdi_39 .tdc-columns{\r\n\t\t\t\t    display: block;\r\n\t\t\t\t}.tdi_39 .tdc-columns{\r\n\t\t\t\t    width: 100%;\r\n\t\t\t\t}.tdi_39:before,\r\n\t\t\t\t.tdi_39:after{\r\n\t\t\t\t    display: table;\r\n\t\t\t\t}\n<\/style><div class=\"vc_column tdi_41  wpb_column vc_column_container tdc-column td-pb-span12\">\n<style scoped>\n\/* custom css - generated by TagDiv Composer *\/\n\n\/* custom css - generated by TagDiv Composer *\/\n.tdi_41{\r\n                    vertical-align: baseline;\r\n                }.tdi_41 > .wpb_wrapper,\r\n\t\t\t\t.tdi_41 > .wpb_wrapper > .tdc-elements{\r\n\t\t\t\t    display: block;\r\n\t\t\t\t}.tdi_41 > .wpb_wrapper > .tdc-elements{\r\n\t\t\t\t    width: 100%;\r\n\t\t\t\t}.tdi_41 > .wpb_wrapper > .vc_row_inner{\r\n\t\t\t\t    width: auto;\r\n\t\t\t\t}.tdi_41 > .wpb_wrapper{\r\n\t\t\t\t    width: auto;\r\n\t\t\t\t    height: auto;\r\n\t\t\t\t}\n<\/style><div class=\"wpb_wrapper\" ><div class=\"wpb_wrapper wpb_text_column td_block_wrap td_block_wrap vc_column_text tdi_42  tagdiv-type td-pb-border-top td_block_template_1\"  data-td-block-uid=\"tdi_42\" ><div class=\"td-fix-index\"><h2>Samsung SmartThings kommt nach Deutschland<\/h2>\n<\/div><\/div><div class=\"wpb_wrapper wpb_text_column td_block_wrap td_block_wrap vc_column_text tdi_43  tagdiv-type td-pb-border-top td_block_template_1\"  data-td-block-uid=\"tdi_43\" ><div class=\"td-fix-index\"><p>Samsung bringt seine SmartThings Produkte nach Deutschland. Herzst\u00fcck ist der SmartThings Hub V3, der mit Zigbee, Z-Wave und Bluetooth Low Energy arbeitet. Dar\u00fcber hinaus gibt es folgende SmartThings Ger\u00e4te:<\/p>\n<\/div><\/div><div class=\"wpb_wrapper wpb_text_column td_block_wrap td_block_wrap vc_column_text tdi_44  tagdiv-type td-pb-border-top td_block_template_1\"  data-td-block-uid=\"tdi_44\" ><div class=\"td-fix-index\"><ul>\n<li>SmartThings Wi-Fi\/Hub<\/li>\n<li>SmartThings Motion Sensor<\/li>\n<li>SmartThings Multipurpose Sensor<\/li>\n<li>SmartThings Button<\/li>\n<li>SmartThings Outlet<\/li>\n<li>SmartThings Water Leak Sensor<\/li>\n<\/ul>\n<\/div><\/div><div class=\"wpb_wrapper td_block_single_image td_block_wrap\"><\/div><div class=\"wpb_wrapper wpb_text_column td_block_wrap td_block_wrap vc_column_text tdi_46  tagdiv-type td-pb-border-top td_block_template_1\"  data-td-block-uid=\"tdi_46\" ><div class=\"td-fix-index\"><p>Sehr interessant: Samsung SmartThings arbeitet mit vielen anderen Herstellern zusammen. Darunter unter anderem <a href=\"\/b\/philips-hue\" target=\"_blank\" rel=\"noopener noreferrer\">Philips Hue<\/a>, Arlo und <a href=\"\/b\/ring\" target=\"_blank\" rel=\"noopener noreferrer\">Ring<\/a>. Ebenfalls kompatibel sind aber auch viele Haushaltsger\u00e4te wie Waschmaschinen, Geschirrsp\u00fcler und K\u00fchlschr\u00e4nke sowie nat\u00fcrlich Fernseher aus dem Hause Samsung. Das ganze System steuerst Du entweder per App oder Sprachbefehl. Bei den Sprachassistenten funktioniert Samsung SmartThings mit Bixby Google Assistant und Amazon Alexa.<\/p>\n<\/div><\/div><\/div><\/div><\/div><\/div><div id=\"tdi_47\" class=\"tdc-row\"><div class=\"vc_row tdi_48  wpb_row td-pb-row\" >\n<style scoped>\n\/* custom css - generated by TagDiv Composer *\/\n\n\/* custom css - generated by TagDiv Composer *\/\n.tdi_48,\r\n                .tdi_48 .tdc-columns{\r\n                    min-height: 0;\r\n                }.tdi_48,\r\n\t\t\t\t.tdi_48 .tdc-columns{\r\n\t\t\t\t    display: block;\r\n\t\t\t\t}.tdi_48 .tdc-columns{\r\n\t\t\t\t    width: 100%;\r\n\t\t\t\t}.tdi_48:before,\r\n\t\t\t\t.tdi_48:after{\r\n\t\t\t\t    display: table;\r\n\t\t\t\t}\n<\/style><div class=\"vc_column tdi_50  wpb_column vc_column_container tdc-column td-pb-span12\">\n<style scoped>\n\/* custom css - generated by TagDiv Composer *\/\n\n\/* custom css - generated by TagDiv Composer *\/\n.tdi_50{\r\n                    vertical-align: baseline;\r\n                }.tdi_50 > .wpb_wrapper,\r\n\t\t\t\t.tdi_50 > .wpb_wrapper > .tdc-elements{\r\n\t\t\t\t    display: block;\r\n\t\t\t\t}.tdi_50 > .wpb_wrapper > .tdc-elements{\r\n\t\t\t\t    width: 100%;\r\n\t\t\t\t}.tdi_50 > .wpb_wrapper > .vc_row_inner{\r\n\t\t\t\t    width: auto;\r\n\t\t\t\t}.tdi_50 > .wpb_wrapper{\r\n\t\t\t\t    width: auto;\r\n\t\t\t\t    height: auto;\r\n\t\t\t\t}\n<\/style><div class=\"wpb_wrapper\" ><div class=\"wpb_wrapper wpb_text_column td_block_wrap td_block_wrap vc_column_text tdi_51  tagdiv-type td-pb-border-top td_block_template_1\"  data-td-block-uid=\"tdi_51\" ><div class=\"td-fix-index\"><h2>Fitbit Versa 2 und Fitbit Aria Air auf der IFA 2019<\/h2>\n<\/div><\/div><div class=\"wpb_wrapper wpb_text_column td_block_wrap td_block_wrap vc_column_text tdi_52  tagdiv-type td-pb-border-top td_block_template_1\"  data-td-block-uid=\"tdi_52\" ><div class=\"td-fix-index\"><p>Kurz vor der IFA hat Fitbit zwei neue Produkte vorgestellt. Dabei handelt es sich einmal um die Fitbit Versa 2 und die Fitbit Aria Air.<\/p>\n<\/div><\/div><div class=\"wpb_wrapper wpb_text_column td_block_wrap td_block_wrap vc_column_text tdi_53  tagdiv-type td-pb-border-top td_block_template_1\"  data-td-block-uid=\"tdi_53\" ><div class=\"td-fix-index\"><p>Die Fitbit Versa 2 hat ein minimal gr\u00f6\u00dferes Display bei gleichbleibender Aufl\u00f6sung. Auch die Laufzeit f\u00e4llt mit vier Tagen ein wenig l\u00e4nger aus. Wie beim Vorg\u00e4nger setzt die Versa 2 auf Connected GPS per Bluetooth, 50 Meter Wasserdichtigkeit sowie Tracking f\u00fcr Herzfrequenz, Aktivit\u00e4t, Schritte, Kalorien und Deinen Schlaf. Richtig Neu ist die Unterst\u00fctzung von Amazon Alexa. Diese antwortet jedoch in Ermangelung eines Lautsprechers ausschlie\u00dflich auf dem Display der Versa 2. Ebenfalls neu: Spotify.<\/p>\n<\/div><\/div>[vc_video link=&#8220;https:\/\/youtu.be\/_nhNb0oLCxk&#8220; align=&#8220;center&#8220;]<div class=\"wpb_wrapper wpb_text_column td_block_wrap td_block_wrap vc_column_text tdi_54  tagdiv-type td-pb-border-top td_block_template_1\"  data-td-block-uid=\"tdi_54\" ><div class=\"td-fix-index\"><p>Die Fitbit Aria Air ist dagegen eine smarte Waage. Sie verbindet sich ausschlie\u00dflich \u00fcber Bluetooth mit Deinem Smartphone. Die Aria Air misst lediglich Dein Gewicht und Deinen BMI. Damit bleibt der Funktionsumfang hinter der Aria 2 zur\u00fcck. Daf\u00fcr ist die Aria Air auch deutlich g\u00fcnstiger.<\/p>\n<\/div><\/div><div class=\"wpb_wrapper wpb_text_column td_block_wrap td_block_wrap vc_column_text tdi_55  tagdiv-type td-pb-border-top td_block_template_1\"  data-td-block-uid=\"tdi_55\" ><div class=\"td-fix-index\"><p>Ebenfalls neu ist das neue Premium-Programm von Fitbit. Der neue Abo-Service f\u00fcr die Fitbit App liefert Dir zahlreiche Tipps um Deine Gesundheit und fordert Dich mit pers\u00f6nlichen Challenges heraus. F\u00fcr die Entspannung arbeitet Fitbit mit anderen Anbietern wie Daily Burn, Yoga Studio und der Meditations-App Headspace zusammen, die ihre Inhalte im neuen Fitbit Programm anbieten.<\/p>\n<\/div><\/div><\/div><\/div><\/div><\/div><div id=\"tdi_56\" class=\"tdc-row\"><div class=\"vc_row tdi_57  wpb_row td-pb-row\" >\n<style scoped>\n\/* custom css - generated by TagDiv Composer *\/\n\n\/* custom css - generated by TagDiv Composer *\/\n.tdi_57,\r\n                .tdi_57 .tdc-columns{\r\n                    min-height: 0;\r\n                }.tdi_57,\r\n\t\t\t\t.tdi_57 .tdc-columns{\r\n\t\t\t\t    display: block;\r\n\t\t\t\t}.tdi_57 .tdc-columns{\r\n\t\t\t\t    width: 100%;\r\n\t\t\t\t}.tdi_57:before,\r\n\t\t\t\t.tdi_57:after{\r\n\t\t\t\t    display: table;\r\n\t\t\t\t}\n<\/style><div class=\"vc_column tdi_59  wpb_column vc_column_container tdc-column td-pb-span12\">\n<style scoped>\n\/* custom css - generated by TagDiv Composer *\/\n\n\/* custom css - generated by TagDiv Composer *\/\n.tdi_59{\r\n                    vertical-align: baseline;\r\n                }.tdi_59 > .wpb_wrapper,\r\n\t\t\t\t.tdi_59 > .wpb_wrapper > .tdc-elements{\r\n\t\t\t\t    display: block;\r\n\t\t\t\t}.tdi_59 > .wpb_wrapper > .tdc-elements{\r\n\t\t\t\t    width: 100%;\r\n\t\t\t\t}.tdi_59 > .wpb_wrapper > .vc_row_inner{\r\n\t\t\t\t    width: auto;\r\n\t\t\t\t}.tdi_59 > .wpb_wrapper{\r\n\t\t\t\t    width: auto;\r\n\t\t\t\t    height: auto;\r\n\t\t\t\t}\n<\/style><div class=\"wpb_wrapper\" ><div class=\"wpb_wrapper wpb_text_column td_block_wrap td_block_wrap vc_column_text tdi_60  tagdiv-type td-pb-border-top td_block_template_1\"  data-td-block-uid=\"tdi_60\" ><div class=\"td-fix-index\"><h2>Neue Produkte bei AVM<\/h2>\n<\/div><\/div><div class=\"wpb_wrapper wpb_text_column td_block_wrap td_block_wrap vc_column_text tdi_61  tagdiv-type td-pb-border-top td_block_template_1\"  data-td-block-uid=\"tdi_61\" ><div class=\"td-fix-index\"><p>F\u00fcr die Berliner von AVM FRITZ! ist die IFA immer ein Heimspiel. Kein Wunder also, dass auch AVM einige Neuheiten f\u00fcr die IFA im Gep\u00e4ck hat. Auf der Website bleiben die Berliner zun\u00e4chst etwas vage. Hier ist von neuen Routern, aber auch etwas zum Thema Smart Home die Rede.<\/p>\n<\/div><\/div><div class=\"wpb_wrapper wpb_text_column td_block_wrap td_block_wrap vc_column_text tdi_62  tagdiv-type td-pb-border-top td_block_template_1\"  data-td-block-uid=\"tdi_62\" ><div class=\"td-fix-index\"><p>Was das sein k\u00f6nnte, dar\u00fcber spekuliert die Smart-Home-Szene nat\u00fcrlich. Eine M\u00f6glichkeit: der FRITZ!DECT 440. Dies k\u00f6nnte dann ein Nachfolger des eigentlich erst k\u00fcrzlich ver\u00f6ffentlichten DECT 400 sein und damit ein smarter Taster. Der Unterschied: Insider vermuten ein Display auf der Oberfl\u00e4che, das beispielsweise die Temperatur eines AVM Thermostats anzeigt.<\/p>\n<\/div><\/div><\/div><\/div><\/div><\/div><div id=\"tdi_63\" class=\"tdc-row\"><div class=\"vc_row tdi_64  wpb_row td-pb-row\" >\n<style scoped>\n\/* custom css - generated by TagDiv Composer *\/\n\n\/* custom css - generated by TagDiv Composer *\/\n.tdi_64,\r\n                .tdi_64 .tdc-columns{\r\n                    min-height: 0;\r\n                }.tdi_64,\r\n\t\t\t\t.tdi_64 .tdc-columns{\r\n\t\t\t\t    display: block;\r\n\t\t\t\t}.tdi_64 .tdc-columns{\r\n\t\t\t\t    width: 100%;\r\n\t\t\t\t}.tdi_64:before,\r\n\t\t\t\t.tdi_64:after{\r\n\t\t\t\t    display: table;\r\n\t\t\t\t}\n<\/style><div class=\"vc_column tdi_66  wpb_column vc_column_container tdc-column td-pb-span12\">\n<style scoped>\n\/* custom css - generated by TagDiv Composer *\/\n\n\/* custom css - generated by TagDiv Composer *\/\n.tdi_66{\r\n                    vertical-align: baseline;\r\n                }.tdi_66 > .wpb_wrapper,\r\n\t\t\t\t.tdi_66 > .wpb_wrapper > .tdc-elements{\r\n\t\t\t\t    display: block;\r\n\t\t\t\t}.tdi_66 > .wpb_wrapper > .tdc-elements{\r\n\t\t\t\t    width: 100%;\r\n\t\t\t\t}.tdi_66 > .wpb_wrapper > .vc_row_inner{\r\n\t\t\t\t    width: auto;\r\n\t\t\t\t}.tdi_66 > .wpb_wrapper{\r\n\t\t\t\t    width: auto;\r\n\t\t\t\t    height: auto;\r\n\t\t\t\t}\n<\/style><div class=\"wpb_wrapper\" ><div class=\"wpb_wrapper wpb_text_column td_block_wrap td_block_wrap vc_column_text tdi_67  tagdiv-type td-pb-border-top td_block_template_1\"  data-td-block-uid=\"tdi_67\" ><div class=\"td-fix-index\"><h2>Neue Staubsauger-Roboter von Blaupunkt<\/h2>\n<\/div><\/div><div class=\"wpb_wrapper wpb_text_column td_block_wrap td_block_wrap vc_column_text tdi_68  tagdiv-type td-pb-border-top td_block_template_1\"  data-td-block-uid=\"tdi_68\" ><div class=\"td-fix-index\"><p>Gleich zwei neue Roboter hat Blaupunkt f\u00fcr die IFA 2019 am Start. Dabei handelt es sich um einen neuen Saug-Wischroboter, den Bluebot XBoost Robotic, und den Fensterputz-Roboter Bluebot XWin. Der XBoost arbeitet mit dem Google Assistant und Alexa sowie IFTTT zusammen. Das XWin ist in Sachen Smart Home noch nicht so weit. Ihn aktivierst Du am Ger\u00e4t oder der Fernbedienung.<\/p>\n<\/div><\/div><div class=\"wpb_wrapper td_block_single_image td_block_wrap\"><\/div><\/div><\/div><\/div><\/div><div id=\"tdi_70\" class=\"tdc-row\"><div class=\"vc_row tdi_71  wpb_row td-pb-row\" >\n<style scoped>\n\/* custom css - generated by TagDiv Composer *\/\n\n\/* custom css - generated by TagDiv Composer *\/\n.tdi_71,\r\n                .tdi_71 .tdc-columns{\r\n                    min-height: 0;\r\n                }.tdi_71,\r\n\t\t\t\t.tdi_71 .tdc-columns{\r\n\t\t\t\t    display: block;\r\n\t\t\t\t}.tdi_71 .tdc-columns{\r\n\t\t\t\t    width: 100%;\r\n\t\t\t\t}.tdi_71:before,\r\n\t\t\t\t.tdi_71:after{\r\n\t\t\t\t    display: table;\r\n\t\t\t\t}\n<\/style><div class=\"vc_column tdi_73  wpb_column vc_column_container tdc-column td-pb-span12\">\n<style scoped>\n\/* custom css - generated by TagDiv Composer *\/\n\n\/* custom css - generated by TagDiv Composer *\/\n.tdi_73{\r\n                    vertical-align: baseline;\r\n                }.tdi_73 > .wpb_wrapper,\r\n\t\t\t\t.tdi_73 > .wpb_wrapper > .tdc-elements{\r\n\t\t\t\t    display: block;\r\n\t\t\t\t}.tdi_73 > .wpb_wrapper > .tdc-elements{\r\n\t\t\t\t    width: 100%;\r\n\t\t\t\t}.tdi_73 > .wpb_wrapper > .vc_row_inner{\r\n\t\t\t\t    width: auto;\r\n\t\t\t\t}.tdi_73 > .wpb_wrapper{\r\n\t\t\t\t    width: auto;\r\n\t\t\t\t    height: auto;\r\n\t\t\t\t}\n<\/style><div class=\"wpb_wrapper\" ><div class=\"wpb_wrapper wpb_text_column td_block_wrap td_block_wrap vc_column_text tdi_74  tagdiv-type td-pb-border-top td_block_template_1\"  data-td-block-uid=\"tdi_74\" ><div class=\"td-fix-index\"><h2>Filament Lampe und Schalter von LIFX<\/h2>\n<\/div><\/div><div class=\"wpb_wrapper wpb_text_column td_block_wrap td_block_wrap vc_column_text tdi_75  tagdiv-type td-pb-border-top td_block_template_1\"  data-td-block-uid=\"tdi_75\" ><div class=\"td-fix-index\"><p>Das smarte Lichtsystem von LIFX bekommt auf der IFA 2019 ebenfalls Zuwachs. Neben Filament-Versionen und einer E14-Kerzenlampe, die Farbverl\u00e4ufe darstellen kann, gibt es in Berlin auch den LIFX Switch. Diesen Schalter verkabelst Du entweder mit Deinem alten Setup und machst so Deine herk\u00f6mmlichen Lampen smart. Oder aber Du steuerst kabellos Deine smarten Lampen von LIFX \u00fcber den Schalter.<\/p>\n<\/div><\/div><\/div><\/div><\/div><\/div><\/p>\n","protected":false},"excerpt":{"rendered":"","protected":false},"author":1,"featured_media":463,"comment_status":"closed","ping_status":"closed","sticky":false,"template":"","format":"standard","meta":{"_acf_changed":false,"_monsterinsights_skip_tracking":false,"_monsterinsights_sitenote_active":false,"_monsterinsights_sitenote_note":"","_monsterinsights_sitenote_category":0,"iawp_total_views":1,"_jetpack_memberships_contains_paid_content":false,"footnotes":""},"categories":[7],"tags":[295,296,40,297,298,299,69,152,71,300,21],"brand":[],"acf":[],"yoast_head":"<!-- This site is optimized with the Yoast SEO plugin v24.5 - https:\/\/yoast.com\/wordpress\/plugins\/seo\/ -->\n<title>IFA 2019: Die gro\u00dfe Smart-Home-Vorschau - tink<\/title>\n<meta name=\"description\" content=\"Kommende Woche startet die IFA 2019. Wir haben alle News und Ger\u00fcchte f\u00fcr Euch!\" \/>\n<meta name=\"robots\" content=\"index, follow, max-snippet:-1, max-image-preview:large, max-video-preview:-1\" \/>\n<link rel=\"canonical\" href=\"https:\/\/www.tink.at\/blog\/ifa-2019-die-grosse-smart-home-vorschau\/\" \/>\n<meta property=\"og:locale\" content=\"de_DE\" \/>\n<meta property=\"og:type\" content=\"article\" \/>\n<meta property=\"og:title\" content=\"IFA 2019: Die gro\u00dfe Smart-Home-Vorschau - tink\" \/>\n<meta property=\"og:description\" content=\"Kommende Woche startet die IFA 2019. Wir haben alle News und Ger\u00fcchte f\u00fcr Euch!\" \/>\n<meta property=\"og:url\" content=\"https:\/\/www.tink.at\/blog\/ifa-2019-die-grosse-smart-home-vorschau\/\" \/>\n<meta property=\"og:site_name\" content=\"tink Blog AT\" \/>\n<meta property=\"article:published_time\" content=\"2019-09-02T02:26:03+00:00\" \/>\n<meta property=\"article:modified_time\" content=\"2024-02-18T09:17:28+00:00\" \/>\n<meta property=\"og:image\" content=\"https:\/\/www.tink.at\/blog\/wp-content\/uploads\/sites\/6\/2024\/02\/10559139.jpg\" \/>\n\t<meta property=\"og:image:width\" content=\"800\" \/>\n\t<meta property=\"og:image:height\" content=\"600\" \/>\n\t<meta property=\"og:image:type\" content=\"image\/jpeg\" \/>\n<meta name=\"author\" content=\"tink\" \/>\n<meta name=\"twitter:card\" content=\"summary_large_image\" \/>\n<meta name=\"twitter:label1\" content=\"Verfasst von\" \/>\n\t<meta name=\"twitter:data1\" content=\"tink\" \/>\n\t<meta name=\"twitter:label2\" content=\"Gesch\u00e4tzte Lesezeit\" \/>\n\t<meta name=\"twitter:data2\" content=\"8\u00a0Minuten\" \/>\n<script type=\"application\/ld+json\" class=\"yoast-schema-graph\">{\"@context\":\"https:\/\/schema.org\",\"@graph\":[{\"@type\":\"Article\",\"@id\":\"https:\/\/www.tink.at\/blog\/ifa-2019-die-grosse-smart-home-vorschau\/#article\",\"isPartOf\":{\"@id\":\"https:\/\/www.tink.at\/blog\/ifa-2019-die-grosse-smart-home-vorschau\/\"},\"author\":{\"name\":\"tink\",\"@id\":\"https:\/\/www.tink.at\/blog\/#\/schema\/person\/88075dc90b44377a42600e23f9b47120\"},\"headline\":\"IFA 2019: Die gro\u00dfe Smart-Home-Vorschau\",\"datePublished\":\"2019-09-02T02:26:03+00:00\",\"dateModified\":\"2024-02-18T09:17:28+00:00\",\"mainEntityOfPage\":{\"@id\":\"https:\/\/www.tink.at\/blog\/ifa-2019-die-grosse-smart-home-vorschau\/\"},\"wordCount\":1677,\"publisher\":{\"@id\":\"https:\/\/www.tink.at\/blog\/#organization\"},\"image\":{\"@id\":\"https:\/\/www.tink.at\/blog\/ifa-2019-die-grosse-smart-home-vorschau\/#primaryimage\"},\"thumbnailUrl\":\"https:\/\/www.tink.at\/blog\/wp-content\/uploads\/sites\/6\/2024\/02\/10559139.jpg\",\"keywords\":[\"AVM!FRITZ\",\"Blaupunkt\",\"Eve\",\"Fitbit\",\"IFA\",\"IFA 2019\",\"LIFX\",\"Nuki\",\"Philips Hue\",\"Samsung SmartThings\",\"Sonos\"],\"articleSection\":[\"Smart Home News\"],\"inLanguage\":\"de\"},{\"@type\":\"WebPage\",\"@id\":\"https:\/\/www.tink.at\/blog\/ifa-2019-die-grosse-smart-home-vorschau\/\",\"url\":\"https:\/\/www.tink.at\/blog\/ifa-2019-die-grosse-smart-home-vorschau\/\",\"name\":\"IFA 2019: Die gro\u00dfe Smart-Home-Vorschau - tink\",\"isPartOf\":{\"@id\":\"https:\/\/www.tink.at\/blog\/#website\"},\"primaryImageOfPage\":{\"@id\":\"https:\/\/www.tink.at\/blog\/ifa-2019-die-grosse-smart-home-vorschau\/#primaryimage\"},\"image\":{\"@id\":\"https:\/\/www.tink.at\/blog\/ifa-2019-die-grosse-smart-home-vorschau\/#primaryimage\"},\"thumbnailUrl\":\"https:\/\/www.tink.at\/blog\/wp-content\/uploads\/sites\/6\/2024\/02\/10559139.jpg\",\"datePublished\":\"2019-09-02T02:26:03+00:00\",\"dateModified\":\"2024-02-18T09:17:28+00:00\",\"description\":\"Kommende Woche startet die IFA 2019. Wir haben alle News und Ger\u00fcchte f\u00fcr Euch!\",\"breadcrumb\":{\"@id\":\"https:\/\/www.tink.at\/blog\/ifa-2019-die-grosse-smart-home-vorschau\/#breadcrumb\"},\"inLanguage\":\"de\",\"potentialAction\":[{\"@type\":\"ReadAction\",\"target\":[\"https:\/\/www.tink.at\/blog\/ifa-2019-die-grosse-smart-home-vorschau\/\"]}]},{\"@type\":\"ImageObject\",\"inLanguage\":\"de\",\"@id\":\"https:\/\/www.tink.at\/blog\/ifa-2019-die-grosse-smart-home-vorschau\/#primaryimage\",\"url\":\"https:\/\/www.tink.at\/blog\/wp-content\/uploads\/sites\/6\/2024\/02\/10559139.jpg\",\"contentUrl\":\"https:\/\/www.tink.at\/blog\/wp-content\/uploads\/sites\/6\/2024\/02\/10559139.jpg\",\"width\":800,\"height\":600},{\"@type\":\"BreadcrumbList\",\"@id\":\"https:\/\/www.tink.at\/blog\/ifa-2019-die-grosse-smart-home-vorschau\/#breadcrumb\",\"itemListElement\":[{\"@type\":\"ListItem\",\"position\":1,\"name\":\"Home\",\"item\":\"https:\/\/www.tink.at\/blog\/\"},{\"@type\":\"ListItem\",\"position\":2,\"name\":\"IFA 2019: Die gro\u00dfe Smart-Home-Vorschau\"}]},{\"@type\":\"WebSite\",\"@id\":\"https:\/\/www.tink.at\/blog\/#website\",\"url\":\"https:\/\/www.tink.at\/blog\/\",\"name\":\"tink Blog\",\"description\":\"tink Smart Home Blog\",\"publisher\":{\"@id\":\"https:\/\/www.tink.at\/blog\/#organization\"},\"potentialAction\":[{\"@type\":\"SearchAction\",\"target\":{\"@type\":\"EntryPoint\",\"urlTemplate\":\"https:\/\/www.tink.at\/blog\/?s={search_term_string}\"},\"query-input\":{\"@type\":\"PropertyValueSpecification\",\"valueRequired\":true,\"valueName\":\"search_term_string\"}}],\"inLanguage\":\"de\"},{\"@type\":\"Organization\",\"@id\":\"https:\/\/www.tink.at\/blog\/#organization\",\"name\":\"tink GmbH\",\"alternateName\":\"tink\",\"url\":\"https:\/\/www.tink.at\/blog\/\",\"logo\":{\"@type\":\"ImageObject\",\"inLanguage\":\"de\",\"@id\":\"https:\/\/www.tink.at\/blog\/#\/schema\/logo\/image\/\",\"url\":\"https:\/\/www.tink.at\/blog\/wp-content\/uploads\/sites\/6\/2025\/08\/tink-Logo.png\",\"contentUrl\":\"https:\/\/www.tink.at\/blog\/wp-content\/uploads\/sites\/6\/2025\/08\/tink-Logo.png\",\"width\":500,\"height\":500,\"caption\":\"tink GmbH\"},\"image\":{\"@id\":\"https:\/\/www.tink.at\/blog\/#\/schema\/logo\/image\/\"}},{\"@type\":\"Person\",\"@id\":\"https:\/\/www.tink.at\/blog\/#\/schema\/person\/88075dc90b44377a42600e23f9b47120\",\"name\":\"tink\",\"image\":{\"@type\":\"ImageObject\",\"inLanguage\":\"de\",\"@id\":\"https:\/\/www.tink.at\/blog\/#\/schema\/person\/image\/\",\"url\":\"https:\/\/secure.gravatar.com\/avatar\/20f2886dce53e05a67d57ce0ebf3b21f?s=96&d=mm&r=g\",\"contentUrl\":\"https:\/\/secure.gravatar.com\/avatar\/20f2886dce53e05a67d57ce0ebf3b21f?s=96&d=mm&r=g\",\"caption\":\"tink\"},\"url\":\"https:\/\/www.tink.at\/blog\/author\/tink\/\"}]}<\/script>\n<!-- \/ Yoast SEO plugin. -->","yoast_head_json":{"title":"IFA 2019: Die gro\u00dfe Smart-Home-Vorschau - tink","description":"Kommende Woche startet die IFA 2019. Wir haben alle News und Ger\u00fcchte f\u00fcr Euch!","robots":{"index":"index","follow":"follow","max-snippet":"max-snippet:-1","max-image-preview":"max-image-preview:large","max-video-preview":"max-video-preview:-1"},"canonical":"https:\/\/www.tink.at\/blog\/ifa-2019-die-grosse-smart-home-vorschau\/","og_locale":"de_DE","og_type":"article","og_title":"IFA 2019: Die gro\u00dfe Smart-Home-Vorschau - tink","og_description":"Kommende Woche startet die IFA 2019. Wir haben alle News und Ger\u00fcchte f\u00fcr Euch!","og_url":"https:\/\/www.tink.at\/blog\/ifa-2019-die-grosse-smart-home-vorschau\/","og_site_name":"tink Blog AT","article_published_time":"2019-09-02T02:26:03+00:00","article_modified_time":"2024-02-18T09:17:28+00:00","og_image":[{"width":800,"height":600,"url":"https:\/\/www.tink.at\/blog\/wp-content\/uploads\/sites\/6\/2024\/02\/10559139.jpg","type":"image\/jpeg"}],"author":"tink","twitter_card":"summary_large_image","twitter_misc":{"Verfasst von":"tink","Gesch\u00e4tzte Lesezeit":"8\u00a0Minuten"},"schema":{"@context":"https:\/\/schema.org","@graph":[{"@type":"Article","@id":"https:\/\/www.tink.at\/blog\/ifa-2019-die-grosse-smart-home-vorschau\/#article","isPartOf":{"@id":"https:\/\/www.tink.at\/blog\/ifa-2019-die-grosse-smart-home-vorschau\/"},"author":{"name":"tink","@id":"https:\/\/www.tink.at\/blog\/#\/schema\/person\/88075dc90b44377a42600e23f9b47120"},"headline":"IFA 2019: Die gro\u00dfe Smart-Home-Vorschau","datePublished":"2019-09-02T02:26:03+00:00","dateModified":"2024-02-18T09:17:28+00:00","mainEntityOfPage":{"@id":"https:\/\/www.tink.at\/blog\/ifa-2019-die-grosse-smart-home-vorschau\/"},"wordCount":1677,"publisher":{"@id":"https:\/\/www.tink.at\/blog\/#organization"},"image":{"@id":"https:\/\/www.tink.at\/blog\/ifa-2019-die-grosse-smart-home-vorschau\/#primaryimage"},"thumbnailUrl":"https:\/\/www.tink.at\/blog\/wp-content\/uploads\/sites\/6\/2024\/02\/10559139.jpg","keywords":["AVM!FRITZ","Blaupunkt","Eve","Fitbit","IFA","IFA 2019","LIFX","Nuki","Philips Hue","Samsung SmartThings","Sonos"],"articleSection":["Smart Home News"],"inLanguage":"de"},{"@type":"WebPage","@id":"https:\/\/www.tink.at\/blog\/ifa-2019-die-grosse-smart-home-vorschau\/","url":"https:\/\/www.tink.at\/blog\/ifa-2019-die-grosse-smart-home-vorschau\/","name":"IFA 2019: Die gro\u00dfe Smart-Home-Vorschau - tink","isPartOf":{"@id":"https:\/\/www.tink.at\/blog\/#website"},"primaryImageOfPage":{"@id":"https:\/\/www.tink.at\/blog\/ifa-2019-die-grosse-smart-home-vorschau\/#primaryimage"},"image":{"@id":"https:\/\/www.tink.at\/blog\/ifa-2019-die-grosse-smart-home-vorschau\/#primaryimage"},"thumbnailUrl":"https:\/\/www.tink.at\/blog\/wp-content\/uploads\/sites\/6\/2024\/02\/10559139.jpg","datePublished":"2019-09-02T02:26:03+00:00","dateModified":"2024-02-18T09:17:28+00:00","description":"Kommende Woche startet die IFA 2019. Wir haben alle News und Ger\u00fcchte f\u00fcr Euch!","breadcrumb":{"@id":"https:\/\/www.tink.at\/blog\/ifa-2019-die-grosse-smart-home-vorschau\/#breadcrumb"},"inLanguage":"de","potentialAction":[{"@type":"ReadAction","target":["https:\/\/www.tink.at\/blog\/ifa-2019-die-grosse-smart-home-vorschau\/"]}]},{"@type":"ImageObject","inLanguage":"de","@id":"https:\/\/www.tink.at\/blog\/ifa-2019-die-grosse-smart-home-vorschau\/#primaryimage","url":"https:\/\/www.tink.at\/blog\/wp-content\/uploads\/sites\/6\/2024\/02\/10559139.jpg","contentUrl":"https:\/\/www.tink.at\/blog\/wp-content\/uploads\/sites\/6\/2024\/02\/10559139.jpg","width":800,"height":600},{"@type":"BreadcrumbList","@id":"https:\/\/www.tink.at\/blog\/ifa-2019-die-grosse-smart-home-vorschau\/#breadcrumb","itemListElement":[{"@type":"ListItem","position":1,"name":"Home","item":"https:\/\/www.tink.at\/blog\/"},{"@type":"ListItem","position":2,"name":"IFA 2019: Die gro\u00dfe Smart-Home-Vorschau"}]},{"@type":"WebSite","@id":"https:\/\/www.tink.at\/blog\/#website","url":"https:\/\/www.tink.at\/blog\/","name":"tink Blog","description":"tink Smart Home Blog","publisher":{"@id":"https:\/\/www.tink.at\/blog\/#organization"},"potentialAction":[{"@type":"SearchAction","target":{"@type":"EntryPoint","urlTemplate":"https:\/\/www.tink.at\/blog\/?s={search_term_string}"},"query-input":{"@type":"PropertyValueSpecification","valueRequired":true,"valueName":"search_term_string"}}],"inLanguage":"de"},{"@type":"Organization","@id":"https:\/\/www.tink.at\/blog\/#organization","name":"tink GmbH","alternateName":"tink","url":"https:\/\/www.tink.at\/blog\/","logo":{"@type":"ImageObject","inLanguage":"de","@id":"https:\/\/www.tink.at\/blog\/#\/schema\/logo\/image\/","url":"https:\/\/www.tink.at\/blog\/wp-content\/uploads\/sites\/6\/2025\/08\/tink-Logo.png","contentUrl":"https:\/\/www.tink.at\/blog\/wp-content\/uploads\/sites\/6\/2025\/08\/tink-Logo.png","width":500,"height":500,"caption":"tink GmbH"},"image":{"@id":"https:\/\/www.tink.at\/blog\/#\/schema\/logo\/image\/"}},{"@type":"Person","@id":"https:\/\/www.tink.at\/blog\/#\/schema\/person\/88075dc90b44377a42600e23f9b47120","name":"tink","image":{"@type":"ImageObject","inLanguage":"de","@id":"https:\/\/www.tink.at\/blog\/#\/schema\/person\/image\/","url":"https:\/\/secure.gravatar.com\/avatar\/20f2886dce53e05a67d57ce0ebf3b21f?s=96&d=mm&r=g","contentUrl":"https:\/\/secure.gravatar.com\/avatar\/20f2886dce53e05a67d57ce0ebf3b21f?s=96&d=mm&r=g","caption":"tink"},"url":"https:\/\/www.tink.at\/blog\/author\/tink\/"}]}},"jetpack_featured_media_url":"https:\/\/www.tink.at\/blog\/wp-content\/uploads\/sites\/6\/2024\/02\/10559139.jpg","jetpack_sharing_enabled":true,"_links":{"self":[{"href":"https:\/\/www.tink.at\/blog\/wp-json\/wp\/v2\/posts\/462"}],"collection":[{"href":"https:\/\/www.tink.at\/blog\/wp-json\/wp\/v2\/posts"}],"about":[{"href":"https:\/\/www.tink.at\/blog\/wp-json\/wp\/v2\/types\/post"}],"author":[{"embeddable":true,"href":"https:\/\/www.tink.at\/blog\/wp-json\/wp\/v2\/users\/1"}],"replies":[{"embeddable":true,"href":"https:\/\/www.tink.at\/blog\/wp-json\/wp\/v2\/comments?post=462"}],"version-history":[{"count":1,"href":"https:\/\/www.tink.at\/blog\/wp-json\/wp\/v2\/posts\/462\/revisions"}],"predecessor-version":[{"id":464,"href":"https:\/\/www.tink.at\/blog\/wp-json\/wp\/v2\/posts\/462\/revisions\/464"}],"wp:featuredmedia":[{"embeddable":true,"href":"https:\/\/www.tink.at\/blog\/wp-json\/wp\/v2\/media\/463"}],"wp:attachment":[{"href":"https:\/\/www.tink.at\/blog\/wp-json\/wp\/v2\/media?parent=462"}],"wp:term":[{"taxonomy":"category","embeddable":true,"href":"https:\/\/www.tink.at\/blog\/wp-json\/wp\/v2\/categories?post=462"},{"taxonomy":"post_tag","embeddable":true,"href":"https:\/\/www.tink.at\/blog\/wp-json\/wp\/v2\/tags?post=462"},{"taxonomy":"brand","embeddable":true,"href":"https:\/\/www.tink.at\/blog\/wp-json\/wp\/v2\/brand?post=462"}],"curies":[{"name":"wp","href":"https:\/\/api.w.org\/{rel}","templated":true}]}}