{"id":47306,"date":"2025-12-08T11:46:45","date_gmt":"2025-12-08T10:46:45","guid":{"rendered":"https:\/\/www.tink.at\/blog\/bosch-home-abo-ikea-matter-hardware-homey-pro-mini\/"},"modified":"2025-12-08T11:48:49","modified_gmt":"2025-12-08T10:48:49","slug":"bosch-home-abo-ikea-matter-hardware-homey-pro-mini","status":"publish","type":"post","link":"https:\/\/www.tink.at\/blog\/bosch-home-abo-ikea-matter-hardware-homey-pro-mini\/","title":{"rendered":"Bosch Home+ Abo, IKEA Matter-Hardware &amp; Homey Pro mini"},"content":{"rendered":"\n<p>Bosch startet ein kostenpflichtiges Abo-Modell, IKEA bringt Matter-Hardware in die Stores, Homey ver\u00f6ffentlicht eine g\u00fcnstigere Zentrale und Amazon erweitert Alexa auf Fire TV. Diese vier Entwicklungen zeigen, wohin sich der Smart Home-Markt aktuell bewegt.<\/p>\n\n\n\n<h2 class=\"wp-block-heading\">Bosch Smart Home f\u00fchrt kostenpflichtiges Home+ Abo ein<\/h2>\n\n\n\n<p><a href=\"\/b\/bosch-smart-home\" target=\"_blank\" rel=\"noreferrer noopener\">Bosch Smart<\/a><a href=\"\/b\/bosch-smart-home\"> Home<\/a> bietet ab sofort ein neues Abo-Modell namens Home+ f\u00fcr 4,99 Euro pro Monat an. Der Fokus liegt auf der Verwaltung mehrerer Standorte: Wer das Upgrade bucht, kann bis zu drei Smart Home-Systeme zentral in einer App steuern. Das eignet sich besonders f\u00fcr Zweitwohnungen, Ferienwohnungen oder die Unterst\u00fctzung von Angeh\u00f6rigen.<\/p>\n\n\n\n<p>Zus\u00e4tzlich erweitert Bosch die Funktionen der Eyes Innenkamera II. Die Kamera erkennt durch Audioanalyse jetzt Glasbruch und das Signal herk\u00f6mmlicher Rauchwarnmelder. Der Cloud-Speicher wurde ebenfalls ausgebaut: Bis zu 400 Clips lassen sich f\u00fcr 30 Tage speichern. Die Clip-L\u00e4nge ist flexibel zwischen 15 und 60 Sekunden einstellbar, au\u00dferdem k\u00f6nnen 25 Aufnahmen dauerhaft als Favoriten markiert werden.<\/p>\n\n\n\n<p>Das Abo steht derzeit nur f\u00fcr iOS-Nutzer zur Verf\u00fcgung. Die Android-Version soll im ersten Quartal 2026 folgen. Das Modell zeigt den Trend zu servicebasierten Gesch\u00e4ftsmodellen im Smart Home-Bereich.<\/p>\n\n\n<div class=\"atkp-container atkp-wide-box  atkp-template-wide\">\n                        <div class=\"atkp-box atkp-clearfix \"\n                 style=\"\">\n                <div class=\"atkp-predicateheadline atkp-predicate-highlight\">\n                    <span><\/span><\/div>\n                <div class=\"atkp-thumb\">\n                                            <a href=\"https:\/\/www.tink.at\/p\/bosch-smart-home-eyes-innenkamera-2?opt_92=30\" rel=\"sponsored nofollow noopener\" target=\"_blank\"  title=\"ZUM PRODUKT\"><img decoding=\"async\" class=\"atkp-image\"\n                                                                             src=\"https:\/\/www.tink.de\/cdn\/393781\/media\/catalog\/product\/b\/o\/bosch_smart_home_eyes_innenkamera_ii_frontal_1.jpg\"\n                                                                             alt=\"Bosch Smart Home Eyes Innenkamera II\"\/><\/a>\n                                                                                <\/div>\n                <div class=\"atkp-content\">\n                                            <a class=\"atkp-title\" href=\"https:\/\/www.tink.at\/p\/bosch-smart-home-eyes-innenkamera-2?opt_92=30\" rel=\"sponsored nofollow noopener\" target=\"_blank\"  title=\"ZUM PRODUKT\">Bosch Smart Home Eyes Innenkamera II<\/a>\n                                        <div class=\"atkp-author\"><\/div>\n\n                    <div class=\"atkp-description\"><ul>\n<li>Pr\u00e4zise Personenerkennung<\/li>\n<li>Kompatibel mit Amazon Alexa<\/li>\n<li>Sehr gutes Nachtsichtbild<\/li>\n<li>Privatsph\u00e4ren-Modus<\/li>\n<li>Interaktive Gegensprechfunktion<\/li>\n<\/ul>\n\n\n                                            <\/div>\n                <\/div>\n                <div class=\"atkp-bottom\">\n                                            <span class=\"atkp-price atkp-listprice\">Unverb. Preisempf.: &euro; 259,95<\/span>\n                                                                <span class=\"atkp-price atkp-savedamount\">Du sparst: &euro; 10,00 (-4%)<\/span>\n                                                                <span class=\"atkp-price atkp-saleprice\">\n                            &nbsp;Preis: &euro; 249,95\n                                                    <\/span>\n                    \n                                            <a href=\"https:\/\/www.tink.at\/p\/bosch-smart-home-eyes-innenkamera-2?opt_92=30\" rel=\"sponsored nofollow noopener\" target=\"_blank\"  title=\"ZUM PRODUKT\" class=\"atkp-button\">ZUM PRODUKT<\/a>\n                                                            <div class=\"atkp-container\"><\/div>\n                                    <\/div>\n            <\/div>\n                    <\/div>\n\n\n\n\n<h2 class=\"wp-block-heading\">IKEA: Neue Matter-Hardware startet in Deutschland<\/h2>\n\n\n\n<p>IKEA bringt neue Smart Home-Produkte mit Matter-Unterst\u00fctzung in die deutschen Filialen. Bereits verf\u00fcgbar sind die Fernbedienung BILRESA mit Scroll-Rad, der Temperatur- und Feuchtigkeitssensor TIMMERFLOTTE sowie die smarte E27-Gl\u00fchbirne KAJPLATS.<\/p>\n\n\n\n<p>Die ersten Nutzer berichten allerdings von Startschwierigkeiten: Das direkte Anlernen an den IKEA Dirigera-Hub funktioniert nicht immer reibungslos. \u00dcber Apple Home gelingt die Einbindung der Ger\u00e4te hingegen problemlos. Auch die Verwendung mehrerer Controller \u00fcber Thread zeigt noch einige Kinderkrankheiten.<\/p>\n\n\n\n<p>Interessant ist die Kombination der neuen BILRESA-Fernbedienung mit anderen Matter-Ger\u00e4ten: Mit einer <a href=\"\/b\/philips-hue\" target=\"_blank\" rel=\"noreferrer noopener\">Philips Hue-Lampe<\/a>, die via Matter an Dirigera angebunden ist, arbeitet das Scroll-Rad einwandfrei. Das k\u00f6nnte langfristig eine g\u00fcnstigere Alternative zu Hue-Fernbedienungen werden.<\/p>\n\n\n\n<p>Der TIMMERFLOTTE-Sensor zeigt Temperatur und Luftfeuchtigkeit nicht dauerhaft an. Ein Knopfdruck ist n\u00f6tig, um die aktuellen Werte abzulesen. Alternativ lassen sich die Daten nat\u00fcrlich auch in der App einsehen. Die Verf\u00fcgbarkeit der Produkte variiert regional stark. \u00dcber 50 Filialen bundesweit haben die neuen Produkte bereits im Sortiment.<\/p>\n\n\n\n<h2 class=\"wp-block-heading\">Homey Pro mini: Kompakte Smart Home-Zentrale f\u00fcr 249 Euro<\/h2>\n\n\n\n<p>Mit dem <a href=\"\/b\/homey\" target=\"_blank\" rel=\"noreferrer noopener\">Homey<\/a> Pro mini erweitert Athom sein Portfolio nach unten. Die kompakte Smart Home-Zentrale kostet 249 Euro und bietet damit eine g\u00fcnstigere Alternative zum gro\u00dfen Homey Pro (399 Euro).<\/p>\n\n\n\n<p>Der Homey Pro mini konzentriert sich auf moderne Funkstandards: Zigbee und Thread sind verbaut, wodurch das Ger\u00e4t als Thread Border Router fungiert. Auch Matter wird unterst\u00fctzt. Legacy-Standards wie Z-Wave, 433 MHz oder Infrarot fehlen jedoch. Wer diese ben\u00f6tigt, muss zur Homey Bridge greifen und diese mit dem Pro mini kombinieren.<\/p>\n\n\n\n<p>Die technischen Daten im \u00dcberblick: Der Mini nutzt einen 1,5 GHz ARMv8 Quad-Core-Prozessor (identisch zum gro\u00dfen Pro), verf\u00fcgt \u00fcber 1 GB RAM und 8 GB eMMC-Speicher. Eine wichtige Einschr\u00e4nkung: Wi-Fi ist nicht an Bord. Der Mini ben\u00f6tigt eine Ethernet-Verbindung per Kabel.<\/p>\n\n\n\n<p>Die bekannten Homey-Funktionen wie Flows und Dashboards stehen auch beim Mini zur Verf\u00fcgung. Die Verarbeitung erfolgt grunds\u00e4tzlich lokal, eine Cloud-Anbindung gibt es optional f\u00fcr Fernzugriff und Backups. Der Homey Pro mini ist ab sofort in Deutschland erh\u00e4ltlich.<\/p>\n\n\n<div class=\"atkp-container atkp-grid_2_columns-box  atkp-template-46852\">\r\n            <div class=\"atkp-clearfix atkp-box-2-cols \">\r\n                            <div class=\"atkp-box atkp-smallbox atkp-box-2-cols-item atkp-clearfix \">\r\n                    <div class=\"atkp-thumb\">\r\n                                            <a href=\"https:\/\/www.tink.at\/p\/homey-pro-smart-home-hub?opt_92=5\" rel=\"sponsored nofollow noopener\" target=\"_blank\"  title=\"ZUM PRODUKT\"><img decoding=\"async\" class=\"atkp-image\"\r\n                                                                             src=\"https:\/\/www.tink.de\/cdn\/393781\/media\/catalog\/product\/1\/4\/1440003_03_1.jpg\"\r\n                                                                             alt=\"Homey Pro - Smart Home Hub\"\/><\/a>\r\n                                                            <\/div>\r\n                <div class=\"atkp-content\">\r\n                                            <a class=\"atkp-title\" href=\"https:\/\/www.tink.at\/p\/homey-pro-smart-home-hub?opt_92=5\" rel=\"sponsored nofollow noopener\" target=\"_blank\"  title=\"ZUM PRODUKT\">Homey Pro - Smart Home Hub<\/a>\r\n                                        <div class=\"atkp-author\"><\/div>\r\n                                    <\/div>\r\n                <div class=\"atkp-bottom\">\r\n                                            <span class=\"atkp-price atkp-listprice\">Unverb. Preisempf.: &euro; 399,00<\/span>\r\n                                                                <span class=\"atkp-price atkp-savedamount\">Du sparst: &euro; 16,04 (-4%)<\/span>\r\n                                                                <span class=\"atkp-price atkp-saleprice\">\r\n                            \u00a0Preis: &euro; 382,96\r\n                                                    <\/span>\r\n                                                                <a href=\"https:\/\/www.tink.at\/p\/homey-pro-smart-home-hub?opt_92=5\" rel=\"sponsored nofollow noopener\" target=\"_blank\"  title=\"ZUM PRODUKT\" class=\"atkp-button\">ZUM PRODUKT<\/a>\r\n                        \r\n                        \r\n                                                                    <\/div>\r\n                <\/div>\r\n                            <div class=\"atkp-box atkp-smallbox atkp-box-2-cols-item atkp-clearfix \">\r\n                    <div class=\"atkp-thumb\">\r\n                                            <a href=\"https:\/\/www.tink.at\/p\/homey-bridge?opt_92=59\" rel=\"sponsored nofollow noopener\" target=\"_blank\"  title=\"ZUM PRODUKT\"><img decoding=\"async\" class=\"atkp-image\"\r\n                                                                             src=\"https:\/\/www.tink.de\/cdn\/393781\/media\/catalog\/product\/1\/4\/1440005_titelbild_1.jpg\"\r\n                                                                             alt=\"Homey Bridge\"\/><\/a>\r\n                                                            <\/div>\r\n                <div class=\"atkp-content\">\r\n                                            <a class=\"atkp-title\" href=\"https:\/\/www.tink.at\/p\/homey-bridge?opt_92=59\" rel=\"sponsored nofollow noopener\" target=\"_blank\"  title=\"ZUM PRODUKT\">Homey Bridge<\/a>\r\n                                        <div class=\"atkp-author\"><\/div>\r\n                                    <\/div>\r\n                <div class=\"atkp-bottom\">\r\n                                            <span class=\"atkp-price atkp-listprice\"><\/span>\r\n                                                                <span class=\"atkp-price atkp-savedamount\"><\/span>\r\n                                                                <span class=\"atkp-price atkp-saleprice\">\r\n                            \u00a0Preis: &euro; 69,00\r\n                                                    <\/span>\r\n                                                                <a href=\"https:\/\/www.tink.at\/p\/homey-bridge?opt_92=59\" rel=\"sponsored nofollow noopener\" target=\"_blank\"  title=\"ZUM PRODUKT\" class=\"atkp-button\">ZUM PRODUKT<\/a>\r\n                        \r\n                        \r\n                                                                    <\/div>\r\n                <\/div>\r\n                    <\/div>\r\n            <\/div>\n\n\n\n<h2 class=\"wp-block-heading\">Alexa+ auf Fire TV: Szenensuche bei Prime Video<\/h2>\n\n\n\n<p><a href=\"\/b\/amazon\" target=\"_blank\" rel=\"noreferrer noopener\">Amazon<\/a> verteilt in den USA eine neue Funktion f\u00fcr Alexa+ auf Fire TV. Nutzer k\u00f6nnen per Sprachbefehl direkt zu spezifischen Momenten in Filmen springen. Der Assistent versteht nat\u00fcrliche Sprache, sodass Beschreibungen einer Szene, Zitate oder Handlungen ausreichen. Der Filmtitel muss nicht zwingend genannt werden.<\/p>\n\n\n\n<p>Die Technologie kombiniert visuelles Verst\u00e4ndnis mit der Analyse von Untertiteln \u00fcber die X-Ray-Funktion von Prime Video. Im Hintergrund setzt Amazon auf Amazon Bedrock mit gro\u00dfen Sprachmodellen wie Amazon Nova und Anthropic Claude.<\/p>\n\n\n\n<p>Bislang wurden zehntausende Szenen aus tausenden Filmen indexiert, inklusive Kauf- und Leihtitel. Eine Ausweitung auf Serien ist geplant. In Deutschland steht die Funktion noch nicht zur Verf\u00fcgung, da sich Alexa+ hier noch in der Beta-Phase befindet.<\/p>\n\n\n<div class=\"atkp-container atkp-grid_3_columns-box  atkp-template-grid_3_columns\">\n            <div class=\"atkp-clearfix atkp-box-3-cols \">\n                            <div class=\"atkp-box atkp-smallbox atkp-box-3-cols-item atkp-clearfix \">\n                    <div class=\"atkp-thumb\">\n                                                    <a href=\"https:\/\/www.tink.at\/p\/amazon-fire-tv-stick-hd-3-gen-mit-alexa-sprachfernbedienung?opt_92=5\" rel=\"sponsored nofollow noopener\" target=\"_blank\"  title=\"ZUM PRODUKT\"><img decoding=\"async\" class=\"atkp-image\"\n                                                                                 src=\"https:\/\/www.tink.de\/cdn\/393781\/media\/catalog\/product\/2\/1\/210041_frontal.jpg\"\n                                                                                 alt=\"Amazon Fire TV Stick HD (3. Gen.) mit Alexa Sprachfernbedienung - Schwarz\"\/><\/a>\n                                            <\/div>\n                    <div class=\"atkp-content\">\n                                                    <a class=\"atkp-title\" href=\"https:\/\/www.tink.at\/p\/amazon-fire-tv-stick-hd-3-gen-mit-alexa-sprachfernbedienung?opt_92=5\" rel=\"sponsored nofollow noopener\" target=\"_blank\"  title=\"ZUM PRODUKT\">Amazon Fire TV Stick HD (3. Gen.) mit Alexa Sprachfernbedienung - Schwarz<\/a>\n                                                <div class=\"atkp-author\"><\/div>\n                    <\/div>\n                    <div class=\"atkp-bottom\">\n                        <div class=\"atkp-ratingbar\">\n                                                        <div class=\"atkp-primelogo\"><\/div>\n                            <div class=\"atkp-clearfix\"><\/div>\n                        <\/div>\n                                                    <span class=\"atkp-price atkp-saleprice\">\n                                Preis: &euro; 44,99\n                                                            <\/span>\n                                                                            <a href=\"https:\/\/www.tink.at\/p\/amazon-fire-tv-stick-hd-3-gen-mit-alexa-sprachfernbedienung?opt_92=5\" rel=\"sponsored nofollow noopener\" target=\"_blank\"  title=\"ZUM PRODUKT\" class=\"atkp-button\">ZUM PRODUKT<\/a>\n                        \n                        \n                                                                    <\/div>\n                <\/div>\n                            <div class=\"atkp-box atkp-smallbox atkp-box-3-cols-item atkp-clearfix \">\n                    <div class=\"atkp-thumb\">\n                                                    <a href=\"https:\/\/www.tink.at\/p\/amazon-fire-tv-stick-4k-plus-2025-release?opt_92=5\" rel=\"sponsored nofollow noopener\" target=\"_blank\"  title=\"ZUM PRODUKT\"><img decoding=\"async\" class=\"atkp-image\"\n                                                                                 src=\"https:\/\/www.tink.de\/cdn\/393781\/media\/catalog\/product\/f\/i\/fire_tv_stick_4k_plus_zusammen.jpg\"\n                                                                                 alt=\"Amazon Fire TV Stick 4K Plus - 2025 - Schwarz\"\/><\/a>\n                                            <\/div>\n                    <div class=\"atkp-content\">\n                                                    <a class=\"atkp-title\" href=\"https:\/\/www.tink.at\/p\/amazon-fire-tv-stick-4k-plus-2025-release?opt_92=5\" rel=\"sponsored nofollow noopener\" target=\"_blank\"  title=\"ZUM PRODUKT\">Amazon Fire TV Stick 4K Plus - 2025 - Schwarz<\/a>\n                                                <div class=\"atkp-author\"><\/div>\n                    <\/div>\n                    <div class=\"atkp-bottom\">\n                        <div class=\"atkp-ratingbar\">\n                                                        <div class=\"atkp-primelogo\"><\/div>\n                            <div class=\"atkp-clearfix\"><\/div>\n                        <\/div>\n                                                    <span class=\"atkp-price atkp-saleprice\">\n                                Preis: &euro; 69,99\n                                                            <\/span>\n                                                                            <a href=\"https:\/\/www.tink.at\/p\/amazon-fire-tv-stick-4k-plus-2025-release?opt_92=5\" rel=\"sponsored nofollow noopener\" target=\"_blank\"  title=\"ZUM PRODUKT\" class=\"atkp-button\">ZUM PRODUKT<\/a>\n                        \n                        \n                                                                    <\/div>\n                <\/div>\n                            <div class=\"atkp-box atkp-smallbox atkp-box-3-cols-item atkp-clearfix \">\n                    <div class=\"atkp-thumb\">\n                                                    <a href=\"https:\/\/www.tink.at\/p\/amazon-fire-tv-stick-4k-max-wifi6e-alexa-sprachfernbedienung-enhanced-edition?opt_92=5\" rel=\"sponsored nofollow noopener\" target=\"_blank\"  title=\"ZUM PRODUKT\"><img decoding=\"async\" class=\"atkp-image\"\n                                                                                 src=\"https:\/\/www.tink.de\/cdn\/393781\/media\/catalog\/product\/2\/1\/210033_titelbild_1.jpg\"\n                                                                                 alt=\"Amazon Fire TV Stick 4K Max (2nd Gen) mit Wi-Fi 6E und Alexa Sprachfernbedienung Enhanced Edition - Schwarz\"\/><\/a>\n                                            <\/div>\n                    <div class=\"atkp-content\">\n                                                    <a class=\"atkp-title\" href=\"https:\/\/www.tink.at\/p\/amazon-fire-tv-stick-4k-max-wifi6e-alexa-sprachfernbedienung-enhanced-edition?opt_92=5\" rel=\"sponsored nofollow noopener\" target=\"_blank\"  title=\"ZUM PRODUKT\">Amazon Fire TV Stick 4K Max (2nd Gen) mit Wi-Fi 6E und Alexa Sprachfernbedienung Enhanced Edition - Schwarz<\/a>\n                                                <div class=\"atkp-author\"><\/div>\n                    <\/div>\n                    <div class=\"atkp-bottom\">\n                        <div class=\"atkp-ratingbar\">\n                                                        <div class=\"atkp-primelogo\"><\/div>\n                            <div class=\"atkp-clearfix\"><\/div>\n                        <\/div>\n                                                    <span class=\"atkp-price atkp-saleprice\">\n                                Preis: &euro; 79,99\n                                                            <\/span>\n                                                                            <a href=\"https:\/\/www.tink.at\/p\/amazon-fire-tv-stick-4k-max-wifi6e-alexa-sprachfernbedienung-enhanced-edition?opt_92=5\" rel=\"sponsored nofollow noopener\" target=\"_blank\"  title=\"ZUM PRODUKT\" class=\"atkp-button\">ZUM PRODUKT<\/a>\n                        \n                        \n                                                                    <\/div>\n                <\/div>\n                    <\/div>\n            <\/div>\n\n\n\n\n<h2 class=\"wp-block-heading\">Fazit: KI und Matter auf dem Vormarsch<\/h2>\n\n\n\n<p>Die aktuellen Entwicklungen zeigen verschiedene Trends: Bosch testet Abo-Modelle f\u00fcr Zusatzfunktionen, IKEA setzt konsequent auf Matter und Thread, Homey bietet mit dem Mini eine g\u00fcnstigere Einstiegsoption und Amazon baut KI-Funktionen in Alexa aus.<\/p>\n\n\n\n<p>F\u00fcr Dich als Smart Home-Nutzer bedeutet das mehr Auswahl, aber auch komplexere Entscheidungen. Matter etabliert sich zunehmend als Standard, was die Kompatibilit\u00e4t zwischen verschiedenen Systemen verbessert. Gleichzeitig zeigen die Beispiele, dass neue Technologien nicht immer sofort reibungslos funktionieren.<\/p>\n","protected":false},"excerpt":{"rendered":"<p>Bosch startet ein kostenpflichtiges Abo-Modell, IKEA bringt Matter-Hardware in die Stores, Homey ver\u00f6ffentlicht eine g\u00fcnstigere Zentrale und Amazon erweitert Alexa auf Fire TV. Diese vier Entwicklungen zeigen, wohin sich der Smart Home-Markt aktuell bewegt. Bosch Smart Home f\u00fchrt kostenpflichtiges Home+ Abo ein Bosch Smart Home bietet ab sofort ein neues Abo-Modell namens Home+ f\u00fcr 4,99 [&hellip;]<\/p>\n","protected":false},"author":6,"featured_media":47307,"comment_status":"open","ping_status":"closed","sticky":false,"template":"","format":"standard","meta":{"_acf_changed":false,"_monsterinsights_skip_tracking":false,"_monsterinsights_sitenote_active":false,"_monsterinsights_sitenote_note":"","_monsterinsights_sitenote_category":0,"iawp_total_views":19,"_jetpack_memberships_contains_paid_content":false,"footnotes":""},"categories":[7],"tags":[1402,34,93,1333,3229,1431],"brand":[3269],"acf":[],"yoast_head":"<!-- This site is optimized with the Yoast SEO plugin v24.5 - https:\/\/yoast.com\/wordpress\/plugins\/seo\/ -->\n<title>Bosch Home+ Abo, IKEA Matter-Hardware &amp; Homey Pro mini - tink Blog<\/title>\n<meta name=\"description\" content=\"Bosch Smart Home jetzt mit Home+ Abo, neue IKEA Matter-Hardware bereits erh\u00e4ltlich, Homey Pro mini startet in Deutschland - Smart Home News\" \/>\n<meta name=\"robots\" content=\"index, follow, max-snippet:-1, max-image-preview:large, max-video-preview:-1\" \/>\n<link rel=\"canonical\" href=\"https:\/\/www.tink.at\/blog\/bosch-home-abo-ikea-matter-hardware-homey-pro-mini\/\" \/>\n<meta property=\"og:locale\" content=\"de_DE\" \/>\n<meta property=\"og:type\" content=\"article\" \/>\n<meta property=\"og:title\" content=\"Bosch Home+ Abo, IKEA Matter-Hardware &amp; Homey Pro mini - tink Blog\" \/>\n<meta property=\"og:description\" content=\"Bosch Smart Home jetzt mit Home+ Abo, neue IKEA Matter-Hardware bereits erh\u00e4ltlich, Homey Pro mini startet in Deutschland - Smart Home News\" \/>\n<meta property=\"og:url\" content=\"https:\/\/www.tink.at\/blog\/bosch-home-abo-ikea-matter-hardware-homey-pro-mini\/\" \/>\n<meta property=\"og:site_name\" content=\"tink Blog AT\" \/>\n<meta property=\"article:published_time\" content=\"2025-12-08T10:46:45+00:00\" \/>\n<meta property=\"article:modified_time\" content=\"2025-12-08T10:48:49+00:00\" \/>\n<meta property=\"og:image\" content=\"https:\/\/www.tink.at\/blog\/wp-content\/uploads\/sites\/6\/2025\/12\/Bosch-Home-Abo.jpg\" \/>\n\t<meta property=\"og:image:width\" content=\"800\" \/>\n\t<meta property=\"og:image:height\" content=\"600\" \/>\n\t<meta property=\"og:image:type\" content=\"image\/jpeg\" \/>\n<meta name=\"author\" content=\"Marc\" \/>\n<meta name=\"twitter:card\" content=\"summary_large_image\" \/>\n<meta name=\"twitter:label1\" content=\"Verfasst von\" \/>\n\t<meta name=\"twitter:data1\" content=\"Marc\" \/>\n\t<meta name=\"twitter:label2\" content=\"Gesch\u00e4tzte Lesezeit\" \/>\n\t<meta name=\"twitter:data2\" content=\"5\u00a0Minuten\" \/>\n<script type=\"application\/ld+json\" class=\"yoast-schema-graph\">{\"@context\":\"https:\/\/schema.org\",\"@graph\":[{\"@type\":\"Article\",\"@id\":\"https:\/\/www.tink.at\/blog\/bosch-home-abo-ikea-matter-hardware-homey-pro-mini\/#article\",\"isPartOf\":{\"@id\":\"https:\/\/www.tink.at\/blog\/bosch-home-abo-ikea-matter-hardware-homey-pro-mini\/\"},\"author\":{\"name\":\"Marc\",\"@id\":\"https:\/\/www.tink.at\/blog\/#\/schema\/person\/73df8263a461f513b890f025080df042\"},\"headline\":\"Bosch Home+ Abo, IKEA Matter-Hardware &amp; Homey Pro mini\",\"datePublished\":\"2025-12-08T10:46:45+00:00\",\"dateModified\":\"2025-12-08T10:48:49+00:00\",\"mainEntityOfPage\":{\"@id\":\"https:\/\/www.tink.at\/blog\/bosch-home-abo-ikea-matter-hardware-homey-pro-mini\/\"},\"wordCount\":759,\"commentCount\":0,\"publisher\":{\"@id\":\"https:\/\/www.tink.at\/blog\/#organization\"},\"image\":{\"@id\":\"https:\/\/www.tink.at\/blog\/bosch-home-abo-ikea-matter-hardware-homey-pro-mini\/#primaryimage\"},\"thumbnailUrl\":\"https:\/\/www.tink.at\/blog\/wp-content\/uploads\/sites\/6\/2025\/12\/Bosch-Home-Abo.jpg\",\"keywords\":[\"Alexa\",\"Amazon Alexa\",\"Bosch Smart Home\",\"Fire TV\",\"Homey\",\"IKEA\"],\"articleSection\":[\"Smart Home News\"],\"inLanguage\":\"de\",\"potentialAction\":[{\"@type\":\"CommentAction\",\"name\":\"Comment\",\"target\":[\"https:\/\/www.tink.at\/blog\/bosch-home-abo-ikea-matter-hardware-homey-pro-mini\/#respond\"]}]},{\"@type\":\"WebPage\",\"@id\":\"https:\/\/www.tink.at\/blog\/bosch-home-abo-ikea-matter-hardware-homey-pro-mini\/\",\"url\":\"https:\/\/www.tink.at\/blog\/bosch-home-abo-ikea-matter-hardware-homey-pro-mini\/\",\"name\":\"Bosch Home+ Abo, IKEA Matter-Hardware &amp; Homey Pro mini - tink Blog\",\"isPartOf\":{\"@id\":\"https:\/\/www.tink.at\/blog\/#website\"},\"primaryImageOfPage\":{\"@id\":\"https:\/\/www.tink.at\/blog\/bosch-home-abo-ikea-matter-hardware-homey-pro-mini\/#primaryimage\"},\"image\":{\"@id\":\"https:\/\/www.tink.at\/blog\/bosch-home-abo-ikea-matter-hardware-homey-pro-mini\/#primaryimage\"},\"thumbnailUrl\":\"https:\/\/www.tink.at\/blog\/wp-content\/uploads\/sites\/6\/2025\/12\/Bosch-Home-Abo.jpg\",\"datePublished\":\"2025-12-08T10:46:45+00:00\",\"dateModified\":\"2025-12-08T10:48:49+00:00\",\"description\":\"Bosch Smart Home jetzt mit Home+ Abo, neue IKEA Matter-Hardware bereits erh\u00e4ltlich, Homey Pro mini startet in Deutschland - Smart Home News\",\"breadcrumb\":{\"@id\":\"https:\/\/www.tink.at\/blog\/bosch-home-abo-ikea-matter-hardware-homey-pro-mini\/#breadcrumb\"},\"inLanguage\":\"de\",\"potentialAction\":[{\"@type\":\"ReadAction\",\"target\":[\"https:\/\/www.tink.at\/blog\/bosch-home-abo-ikea-matter-hardware-homey-pro-mini\/\"]}]},{\"@type\":\"ImageObject\",\"inLanguage\":\"de\",\"@id\":\"https:\/\/www.tink.at\/blog\/bosch-home-abo-ikea-matter-hardware-homey-pro-mini\/#primaryimage\",\"url\":\"https:\/\/www.tink.at\/blog\/wp-content\/uploads\/sites\/6\/2025\/12\/Bosch-Home-Abo.jpg\",\"contentUrl\":\"https:\/\/www.tink.at\/blog\/wp-content\/uploads\/sites\/6\/2025\/12\/Bosch-Home-Abo.jpg\",\"width\":800,\"height\":600,\"caption\":\"Bosch Home+ Abo - Funktionen in der App gezeigt und Familie verl\u00e4sst das Haus\"},{\"@type\":\"BreadcrumbList\",\"@id\":\"https:\/\/www.tink.at\/blog\/bosch-home-abo-ikea-matter-hardware-homey-pro-mini\/#breadcrumb\",\"itemListElement\":[{\"@type\":\"ListItem\",\"position\":1,\"name\":\"Home\",\"item\":\"https:\/\/www.tink.at\/blog\/\"},{\"@type\":\"ListItem\",\"position\":2,\"name\":\"Bosch Home+ Abo, IKEA Matter-Hardware &amp; Homey Pro mini\"}]},{\"@type\":\"WebSite\",\"@id\":\"https:\/\/www.tink.at\/blog\/#website\",\"url\":\"https:\/\/www.tink.at\/blog\/\",\"name\":\"tink Blog\",\"description\":\"tink Smart Home Blog\",\"publisher\":{\"@id\":\"https:\/\/www.tink.at\/blog\/#organization\"},\"potentialAction\":[{\"@type\":\"SearchAction\",\"target\":{\"@type\":\"EntryPoint\",\"urlTemplate\":\"https:\/\/www.tink.at\/blog\/?s={search_term_string}\"},\"query-input\":{\"@type\":\"PropertyValueSpecification\",\"valueRequired\":true,\"valueName\":\"search_term_string\"}}],\"inLanguage\":\"de\"},{\"@type\":\"Organization\",\"@id\":\"https:\/\/www.tink.at\/blog\/#organization\",\"name\":\"tink GmbH\",\"alternateName\":\"tink\",\"url\":\"https:\/\/www.tink.at\/blog\/\",\"logo\":{\"@type\":\"ImageObject\",\"inLanguage\":\"de\",\"@id\":\"https:\/\/www.tink.at\/blog\/#\/schema\/logo\/image\/\",\"url\":\"https:\/\/www.tink.at\/blog\/wp-content\/uploads\/sites\/6\/2025\/08\/tink-Logo.png\",\"contentUrl\":\"https:\/\/www.tink.at\/blog\/wp-content\/uploads\/sites\/6\/2025\/08\/tink-Logo.png\",\"width\":500,\"height\":500,\"caption\":\"tink GmbH\"},\"image\":{\"@id\":\"https:\/\/www.tink.at\/blog\/#\/schema\/logo\/image\/\"}},{\"@type\":\"Person\",\"@id\":\"https:\/\/www.tink.at\/blog\/#\/schema\/person\/73df8263a461f513b890f025080df042\",\"name\":\"Marc\",\"image\":{\"@type\":\"ImageObject\",\"inLanguage\":\"de\",\"@id\":\"https:\/\/www.tink.at\/blog\/#\/schema\/person\/image\/\",\"url\":\"https:\/\/secure.gravatar.com\/avatar\/a1dac21fa5860521e9215ee9753cabb4?s=96&d=mm&r=g\",\"contentUrl\":\"https:\/\/secure.gravatar.com\/avatar\/a1dac21fa5860521e9215ee9753cabb4?s=96&d=mm&r=g\",\"caption\":\"Marc\"},\"description\":\"Marc ist seit 2019 bei tink und hat seitdem schon diverse Testberichte geschrieben. Sein Smart Home besteht \u00fcberwiegend aus Produkten von Google, tado\u00b0 und Philips Hue. Aber auch die Sonos-Lautsprecher haben es ihm angetan. Dank Matter erweitert er sein \u00d6kosystem jetzt auch um eve, Aqara &amp; Co.\",\"url\":\"https:\/\/www.tink.at\/blog\/author\/marc\/\"}]}<\/script>\n<!-- \/ Yoast SEO plugin. -->","yoast_head_json":{"title":"Bosch Home+ Abo, IKEA Matter-Hardware &amp; Homey Pro mini - tink Blog","description":"Bosch Smart Home jetzt mit Home+ Abo, neue IKEA Matter-Hardware bereits erh\u00e4ltlich, Homey Pro mini startet in Deutschland - Smart Home News","robots":{"index":"index","follow":"follow","max-snippet":"max-snippet:-1","max-image-preview":"max-image-preview:large","max-video-preview":"max-video-preview:-1"},"canonical":"https:\/\/www.tink.at\/blog\/bosch-home-abo-ikea-matter-hardware-homey-pro-mini\/","og_locale":"de_DE","og_type":"article","og_title":"Bosch Home+ Abo, IKEA Matter-Hardware &amp; Homey Pro mini - tink Blog","og_description":"Bosch Smart Home jetzt mit Home+ Abo, neue IKEA Matter-Hardware bereits erh\u00e4ltlich, Homey Pro mini startet in Deutschland - Smart Home News","og_url":"https:\/\/www.tink.at\/blog\/bosch-home-abo-ikea-matter-hardware-homey-pro-mini\/","og_site_name":"tink Blog AT","article_published_time":"2025-12-08T10:46:45+00:00","article_modified_time":"2025-12-08T10:48:49+00:00","og_image":[{"width":800,"height":600,"url":"https:\/\/www.tink.at\/blog\/wp-content\/uploads\/sites\/6\/2025\/12\/Bosch-Home-Abo.jpg","type":"image\/jpeg"}],"author":"Marc","twitter_card":"summary_large_image","twitter_misc":{"Verfasst von":"Marc","Gesch\u00e4tzte Lesezeit":"5\u00a0Minuten"},"schema":{"@context":"https:\/\/schema.org","@graph":[{"@type":"Article","@id":"https:\/\/www.tink.at\/blog\/bosch-home-abo-ikea-matter-hardware-homey-pro-mini\/#article","isPartOf":{"@id":"https:\/\/www.tink.at\/blog\/bosch-home-abo-ikea-matter-hardware-homey-pro-mini\/"},"author":{"name":"Marc","@id":"https:\/\/www.tink.at\/blog\/#\/schema\/person\/73df8263a461f513b890f025080df042"},"headline":"Bosch Home+ Abo, IKEA Matter-Hardware &amp; Homey Pro mini","datePublished":"2025-12-08T10:46:45+00:00","dateModified":"2025-12-08T10:48:49+00:00","mainEntityOfPage":{"@id":"https:\/\/www.tink.at\/blog\/bosch-home-abo-ikea-matter-hardware-homey-pro-mini\/"},"wordCount":759,"commentCount":0,"publisher":{"@id":"https:\/\/www.tink.at\/blog\/#organization"},"image":{"@id":"https:\/\/www.tink.at\/blog\/bosch-home-abo-ikea-matter-hardware-homey-pro-mini\/#primaryimage"},"thumbnailUrl":"https:\/\/www.tink.at\/blog\/wp-content\/uploads\/sites\/6\/2025\/12\/Bosch-Home-Abo.jpg","keywords":["Alexa","Amazon Alexa","Bosch Smart Home","Fire TV","Homey","IKEA"],"articleSection":["Smart Home News"],"inLanguage":"de","potentialAction":[{"@type":"CommentAction","name":"Comment","target":["https:\/\/www.tink.at\/blog\/bosch-home-abo-ikea-matter-hardware-homey-pro-mini\/#respond"]}]},{"@type":"WebPage","@id":"https:\/\/www.tink.at\/blog\/bosch-home-abo-ikea-matter-hardware-homey-pro-mini\/","url":"https:\/\/www.tink.at\/blog\/bosch-home-abo-ikea-matter-hardware-homey-pro-mini\/","name":"Bosch Home+ Abo, IKEA Matter-Hardware &amp; Homey Pro mini - tink Blog","isPartOf":{"@id":"https:\/\/www.tink.at\/blog\/#website"},"primaryImageOfPage":{"@id":"https:\/\/www.tink.at\/blog\/bosch-home-abo-ikea-matter-hardware-homey-pro-mini\/#primaryimage"},"image":{"@id":"https:\/\/www.tink.at\/blog\/bosch-home-abo-ikea-matter-hardware-homey-pro-mini\/#primaryimage"},"thumbnailUrl":"https:\/\/www.tink.at\/blog\/wp-content\/uploads\/sites\/6\/2025\/12\/Bosch-Home-Abo.jpg","datePublished":"2025-12-08T10:46:45+00:00","dateModified":"2025-12-08T10:48:49+00:00","description":"Bosch Smart Home jetzt mit Home+ Abo, neue IKEA Matter-Hardware bereits erh\u00e4ltlich, Homey Pro mini startet in Deutschland - Smart Home News","breadcrumb":{"@id":"https:\/\/www.tink.at\/blog\/bosch-home-abo-ikea-matter-hardware-homey-pro-mini\/#breadcrumb"},"inLanguage":"de","potentialAction":[{"@type":"ReadAction","target":["https:\/\/www.tink.at\/blog\/bosch-home-abo-ikea-matter-hardware-homey-pro-mini\/"]}]},{"@type":"ImageObject","inLanguage":"de","@id":"https:\/\/www.tink.at\/blog\/bosch-home-abo-ikea-matter-hardware-homey-pro-mini\/#primaryimage","url":"https:\/\/www.tink.at\/blog\/wp-content\/uploads\/sites\/6\/2025\/12\/Bosch-Home-Abo.jpg","contentUrl":"https:\/\/www.tink.at\/blog\/wp-content\/uploads\/sites\/6\/2025\/12\/Bosch-Home-Abo.jpg","width":800,"height":600,"caption":"Bosch Home+ Abo - Funktionen in der App gezeigt und Familie verl\u00e4sst das Haus"},{"@type":"BreadcrumbList","@id":"https:\/\/www.tink.at\/blog\/bosch-home-abo-ikea-matter-hardware-homey-pro-mini\/#breadcrumb","itemListElement":[{"@type":"ListItem","position":1,"name":"Home","item":"https:\/\/www.tink.at\/blog\/"},{"@type":"ListItem","position":2,"name":"Bosch Home+ Abo, IKEA Matter-Hardware &amp; Homey Pro mini"}]},{"@type":"WebSite","@id":"https:\/\/www.tink.at\/blog\/#website","url":"https:\/\/www.tink.at\/blog\/","name":"tink Blog","description":"tink Smart Home Blog","publisher":{"@id":"https:\/\/www.tink.at\/blog\/#organization"},"potentialAction":[{"@type":"SearchAction","target":{"@type":"EntryPoint","urlTemplate":"https:\/\/www.tink.at\/blog\/?s={search_term_string}"},"query-input":{"@type":"PropertyValueSpecification","valueRequired":true,"valueName":"search_term_string"}}],"inLanguage":"de"},{"@type":"Organization","@id":"https:\/\/www.tink.at\/blog\/#organization","name":"tink GmbH","alternateName":"tink","url":"https:\/\/www.tink.at\/blog\/","logo":{"@type":"ImageObject","inLanguage":"de","@id":"https:\/\/www.tink.at\/blog\/#\/schema\/logo\/image\/","url":"https:\/\/www.tink.at\/blog\/wp-content\/uploads\/sites\/6\/2025\/08\/tink-Logo.png","contentUrl":"https:\/\/www.tink.at\/blog\/wp-content\/uploads\/sites\/6\/2025\/08\/tink-Logo.png","width":500,"height":500,"caption":"tink GmbH"},"image":{"@id":"https:\/\/www.tink.at\/blog\/#\/schema\/logo\/image\/"}},{"@type":"Person","@id":"https:\/\/www.tink.at\/blog\/#\/schema\/person\/73df8263a461f513b890f025080df042","name":"Marc","image":{"@type":"ImageObject","inLanguage":"de","@id":"https:\/\/www.tink.at\/blog\/#\/schema\/person\/image\/","url":"https:\/\/secure.gravatar.com\/avatar\/a1dac21fa5860521e9215ee9753cabb4?s=96&d=mm&r=g","contentUrl":"https:\/\/secure.gravatar.com\/avatar\/a1dac21fa5860521e9215ee9753cabb4?s=96&d=mm&r=g","caption":"Marc"},"description":"Marc ist seit 2019 bei tink und hat seitdem schon diverse Testberichte geschrieben. Sein Smart Home besteht \u00fcberwiegend aus Produkten von Google, tado\u00b0 und Philips Hue. Aber auch die Sonos-Lautsprecher haben es ihm angetan. Dank Matter erweitert er sein \u00d6kosystem jetzt auch um eve, Aqara &amp; Co.","url":"https:\/\/www.tink.at\/blog\/author\/marc\/"}]}},"jetpack_featured_media_url":"https:\/\/www.tink.at\/blog\/wp-content\/uploads\/sites\/6\/2025\/12\/Bosch-Home-Abo.jpg","jetpack_sharing_enabled":true,"_links":{"self":[{"href":"https:\/\/www.tink.at\/blog\/wp-json\/wp\/v2\/posts\/47306"}],"collection":[{"href":"https:\/\/www.tink.at\/blog\/wp-json\/wp\/v2\/posts"}],"about":[{"href":"https:\/\/www.tink.at\/blog\/wp-json\/wp\/v2\/types\/post"}],"author":[{"embeddable":true,"href":"https:\/\/www.tink.at\/blog\/wp-json\/wp\/v2\/users\/6"}],"replies":[{"embeddable":true,"href":"https:\/\/www.tink.at\/blog\/wp-json\/wp\/v2\/comments?post=47306"}],"version-history":[{"count":1,"href":"https:\/\/www.tink.at\/blog\/wp-json\/wp\/v2\/posts\/47306\/revisions"}],"predecessor-version":[{"id":47312,"href":"https:\/\/www.tink.at\/blog\/wp-json\/wp\/v2\/posts\/47306\/revisions\/47312"}],"wp:featuredmedia":[{"embeddable":true,"href":"https:\/\/www.tink.at\/blog\/wp-json\/wp\/v2\/media\/47307"}],"wp:attachment":[{"href":"https:\/\/www.tink.at\/blog\/wp-json\/wp\/v2\/media?parent=47306"}],"wp:term":[{"taxonomy":"category","embeddable":true,"href":"https:\/\/www.tink.at\/blog\/wp-json\/wp\/v2\/categories?post=47306"},{"taxonomy":"post_tag","embeddable":true,"href":"https:\/\/www.tink.at\/blog\/wp-json\/wp\/v2\/tags?post=47306"},{"taxonomy":"brand","embeddable":true,"href":"https:\/\/www.tink.at\/blog\/wp-json\/wp\/v2\/brand?post=47306"}],"curies":[{"name":"wp","href":"https:\/\/api.w.org\/{rel}","templated":true}]}}