{"id":49292,"date":"2026-09-05T15:30:00","date_gmt":"2026-09-05T13:30:00","guid":{"rendered":"https:\/\/www.tink.at\/blog\/?p=49292"},"modified":"2026-09-05T14:39:41","modified_gmt":"2026-09-05T12:39:41","slug":"aqara-fuenf-neue-matter-leuchten-ifa-2026","status":"publish","type":"post","link":"https:\/\/www.tink.at\/blog\/aqara-fuenf-neue-matter-leuchten-ifa-2026\/","title":{"rendered":"Aqara zeigt f\u00fcnf neue Matter-Leuchten auf der IFA 2026"},"content":{"rendered":"\n<p>Aqara ist l\u00e4ngst nicht mehr nur die Marke f\u00fcr Deine Bewegungsmelder und T\u00fcrklingeln. Auf der <a href=\"https:\/\/www.tink.de\/blog\/live-ifa-2026-alle-smart-home-neuheiten-aus-berlin\/\" target=\"_blank\" rel=\"noopener\">IFA 2026<\/a> zeigt das Unternehmen eine komplett neue Beleuchtungslinie, von der Stehlampe bis zur Au\u00dfenbeleuchtung \u2013 jedes einzelne Produkt mit Thread, Zigbee und Matter an Bord.<\/p>\n\n\n\n<p>Wo <a href=\"\/b\/aqara\" target=\"_blank\" rel=\"noopener\">Aqara<\/a> sich in den vergangenen Jahren vor allem mit Sensoren, Kameras und T\u00fcrschl\u00f6ssern einen Namen gemacht hat, r\u00fcckt das Unternehmen mit dieser Ank\u00fcndigung deutlich in Richtung Beleuchtung \u2013 eine Ecke des Marktes, in der bislang Philips Hue und Govee den Ton angeben. F\u00fcnf neue Produkte bilden den Kern: eine Stehlampe, ein Einbauspot f\u00fcrs Deckenlicht, eine zuschneidbare Lichtleiste und zwei L\u00f6sungen f\u00fcr drau\u00dfen.<\/p>\n\n\n\n<h2 class=\"wp-block-heading\">Die neue Linie im \u00dcberblick<\/h2>\n\n\n\n<p>Die Floor Lamp T1 ist mit 1.420 mm der Blickfang der Line-up. Sie strahlt seitlich ab, ist also vor allem daf\u00fcr gedacht, eine Wand gleichm\u00e4\u00dfig zu beleuchten statt den ganzen Raum, und hat 18 einzeln regelbare Lichtzonen, angesteuert von einem 16-Bit-Chip mit f\u00fcnf Kan\u00e4len. Die Helligkeit reicht bis 1.000 Lumen, die Farbtemperatur von 2.000 bis 9.000 Kelvin, mit einem Farbwiedergabeindex \u00fcber 90 \u2013 Farben wirken unter diesem Licht also wirklich nat\u00fcrlich.<\/p>\n\n\n\n<p>F\u00fcrs Deckenlicht kommt ein LED Downlight T2, ein ultraflacher Einbauspot f\u00fcr niedrige Decken, in zwei Varianten: eine normale CCT-Ausf\u00fchrung bis 1.200 Lumen und eine RGB-CCT-Version mit 16 Millionen Farben. Beide merken sich nach einem Stromausfall einfach ihre letzte Einstellung.<\/p>\n\n\n\n<p>Die zuschneidbare LED Strip T2 gibt es in L\u00e4ngen von 3, 5 oder 10 Metern, mit 108 LEDs pro Meter und 18 einzeln ansteuerbaren Zonen pro drei Meter, was f\u00fcr weiche \u00dcberg\u00e4nge statt sichtbarer heller Punkte sorgt.<\/p>\n\n\n\n<p>Drau\u00dfen gibt es zwei Optionen: die Outdoor String Lights H1, eine wetterfeste Lichterkette f\u00fcr die Terrasse, und die Permanent Outdoor Lights H1, gedacht zur festen Montage an Dach oder Fassade. Letztere l\u00e4sst sich passgenau zuschneiden und pro Segment einzeln ansteuern, was Dir das j\u00e4hrliche Auf- und Abh\u00e4ngen von Weihnachtsbeleuchtung erspart.<\/p>\n\n\n\n<h2 class=\"wp-block-heading\">Thread, Zigbee und Matter \u2013 mit einem Haken<\/h2>\n\n\n\n<p>Alle f\u00fcnf Produkte unterst\u00fctzen sowohl Thread als auch Zigbee und sind Matter-zertifiziert. Dadurch arbeiten sie wahlweise mit Apple Home, Google Home, Amazon Alexa, Samsung SmartThings, Home Assistant oder Homey zusammen. Verbindest Du Dich \u00fcber Thread, brauchst Du keinen Aqara-Hub, daf\u00fcr aber einen Thread Border Router. Entscheidest Du Dich f\u00fcr Zigbee, l\u00e4uft es \u00fcber einen Aqara-Hub, und Du bekommst in der Aqara-Home-App ein paar zus\u00e4tzliche Funktionen, die \u00fcber Matter (noch) nicht verf\u00fcgbar sind.<\/p>\n\n\n\n<p>Diese Wahl kennst Du vielleicht schon von der Matter-Kopplung zwischen AmbiScape und einzelnen Lampen: Der offene Standard gibt Dir mehr Kompatibilit\u00e4t, das herstellereigene \u00d6kosystem liefert daf\u00fcr oft etwas mehr Funktionsumfang. Bei Aqara ist das nicht anders.<\/p>\n\n\n\n<p>Au\u00dferdem gibt es in der Aqara-Home-App eine KI-Funktion, mit der Du Lichtszenen generieren lassen kannst, indem Du einfach beschreibst, welche Stimmung Du suchst, statt selbst Farben und Helligkeit einzustellen.<\/p>\n\n\n\n<h2 class=\"wp-block-heading\">Nicht ganz aus dem Nichts<\/h2>\n\n\n\n<p>Wer die Ank\u00fcndigungen von Aqara schon l\u00e4nger verfolgt, erkennt einen Teil dieser Produkte vielleicht wieder. Die Lichtleiste, die Stehlampe und die neue Au\u00dfenbeleuchtung wurden n\u00e4mlich bereits auf der Light+Building-Messe Anfang des Jahres angeteasert. Die IFA ist also vor allem der Moment, an dem Aqara die komplette Linie und die technischen Details vervollst\u00e4ndigt \u2013 nicht unbedingt die allererste Enth\u00fcllung.<\/p>\n\n\n\n<h2 class=\"wp-block-heading\">Aqara Builder: eine neue Plattform f\u00fcr Bastler und Profis<\/h2>\n\n\n\n<p>Neben den Lampen stellt Aqara auch Aqara Builder vor, eine weltweite Community-Plattform f\u00fcr Smart-Home-Enthusiasten, Entwickler, Installateure und Integratoren. Dort k\u00f6nnen Nutzer Automatisierungen, Projekte und Design-Ideen miteinander teilen, mit KI-Unterst\u00fctzung, um auf Basis dieser Ideen eigene Szenarien zu bauen. Eher ein Tool f\u00fcr den fortgeschrittenen Bastler als f\u00fcr den durchschnittlichen Konsumenten, aber es zeigt, dass Aqara breiter denkt als nur in einzelnen Produkten.<\/p>\n\n\n\n<h2 class=\"wp-block-heading\">Aqara IFA 2026: Preise und Verf\u00fcgbarkeit noch offen<\/h2>\n\n\n\n<p>Aqara hat f\u00fcr keines der f\u00fcnf Produkte einen Preis oder ein Erscheinungsdatum bekanntgegeben \u2013 und das gilt nicht nur f\u00fcr Deutschland: Auch internationale Medien berichten vom selben Mangel an kommerziellen Details.<\/p>\n\n\n\n<p>N\u00fctzlich zu wissen: Die neue LED Strip T2 folgt auf die bestehende <a href=\"\/p\/aqara-led-streifen-t1\" target=\"_blank\" rel=\"noopener\">Aqara LED Streifen T1<\/a>, die bei tink schon ganz regul\u00e4r erh\u00e4ltlich ist. Suchst Du schon jetzt einen vergleichbaren Einbauspot f\u00fcrs Deckenlicht, ist die <a href=\"\/p\/aqara-ceiling-light-t1m-smarte-rgb-deckenleuchte\" target=\"_blank\" rel=\"noopener\">Aqara Ceiling Light T1M<\/a> ein prima direkter Vorg\u00e4nger des angek\u00fcndigten LED Downlight T2.<\/p>\n\n\n\n<p>Neugierig, was Aqara jetzt schon zu bieten hat? Schau Dir das komplette <a href=\"\/b\/aqara\" target=\"_blank\" rel=\"noopener\">Aqara-Sortiment<\/a> bei tink an und starte noch heute mit dem Automatisieren.<\/p>\n","protected":false},"excerpt":{"rendered":"<p>Aqara ist l\u00e4ngst nicht mehr nur die Marke f\u00fcr Deine Bewegungsmelder und T\u00fcrklingeln. Auf der IFA 2026 zeigt das Unternehmen eine komplett neue Beleuchtungslinie, von der Stehlampe bis zur Au\u00dfenbeleuchtung \u2013 jedes einzelne Produkt mit Thread, Zigbee und Matter an Bord. Wo Aqara sich in den vergangenen Jahren vor allem mit Sensoren, Kameras und T\u00fcrschl\u00f6ssern [&hellip;]<\/p>\n","protected":false},"author":22,"featured_media":49293,"comment_status":"open","ping_status":"closed","sticky":false,"template":"","format":"standard","meta":{"_acf_changed":false,"_monsterinsights_skip_tracking":false,"iawp_total_views":3,"_jetpack_memberships_contains_paid_content":false,"footnotes":""},"categories":[7,3309],"tags":[1210,298,3779,841],"brand":[3289],"acf":[],"yoast_head":"<!-- This site is optimized with the Yoast SEO plugin v24.5 - https:\/\/yoast.com\/wordpress\/plugins\/seo\/ -->\n<title>Aqara IFA 2026: F\u00fcnf neue Matter-Leuchten im \u00dcberblick - tink Blog AT<\/title>\n<meta name=\"description\" content=\"Aqara erweitert das Sortiment um Stehlampe, Einbauspot, Lichtleiste und Au\u00dfenl\u00f6sungen \u2013 alle mit Thread, Zigbee und Matter.\" \/>\n<meta name=\"robots\" content=\"index, follow, max-snippet:-1, max-image-preview:large, max-video-preview:-1\" \/>\n<link rel=\"canonical\" href=\"https:\/\/www.tink.at\/blog\/aqara-fuenf-neue-matter-leuchten-ifa-2026\/\" \/>\n<meta property=\"og:locale\" content=\"de_DE\" \/>\n<meta property=\"og:type\" content=\"article\" \/>\n<meta property=\"og:title\" content=\"Aqara IFA 2026: F\u00fcnf neue Matter-Leuchten im \u00dcberblick - tink Blog AT\" \/>\n<meta property=\"og:description\" content=\"Aqara erweitert das Sortiment um Stehlampe, Einbauspot, Lichtleiste und Au\u00dfenl\u00f6sungen \u2013 alle mit Thread, Zigbee und Matter.\" \/>\n<meta property=\"og:url\" content=\"https:\/\/www.tink.at\/blog\/aqara-fuenf-neue-matter-leuchten-ifa-2026\/\" \/>\n<meta property=\"og:site_name\" content=\"tink Blog AT\" \/>\n<meta property=\"article:publisher\" content=\"https:\/\/www.facebook.com\/tinkh0me\" \/>\n<meta property=\"article:published_time\" content=\"2026-09-05T13:30:00+00:00\" \/>\n<meta property=\"og:image\" content=\"https:\/\/www.tink.at\/blog\/wp-content\/uploads\/sites\/6\/2026\/09\/aqara-1-1.webp\" \/>\n\t<meta property=\"og:image:width\" content=\"1280\" \/>\n\t<meta property=\"og:image:height\" content=\"720\" \/>\n\t<meta property=\"og:image:type\" content=\"image\/webp\" \/>\n<meta name=\"author\" content=\"Joshua\" \/>\n<meta name=\"twitter:card\" content=\"summary_large_image\" \/>\n<meta name=\"twitter:label1\" content=\"Verfasst von\" \/>\n\t<meta name=\"twitter:data1\" content=\"Joshua\" \/>\n\t<meta name=\"twitter:label2\" content=\"Gesch\u00e4tzte Lesezeit\" \/>\n\t<meta name=\"twitter:data2\" content=\"5\u00a0Minuten\" \/>\n<script type=\"application\/ld+json\" class=\"yoast-schema-graph\">{\"@context\":\"https:\/\/schema.org\",\"@graph\":[{\"@type\":[\"Article\",\"BlogPosting\"],\"@id\":\"https:\/\/www.tink.at\/blog\/aqara-fuenf-neue-matter-leuchten-ifa-2026\/#article\",\"isPartOf\":{\"@id\":\"https:\/\/www.tink.at\/blog\/aqara-fuenf-neue-matter-leuchten-ifa-2026\/\"},\"author\":{\"name\":\"Joshua\",\"@id\":\"https:\/\/www.tink.at\/blog\/#\/schema\/person\/d8c577063dddf2495caad7baf2dd39f1\"},\"headline\":\"Aqara zeigt f\u00fcnf neue Matter-Leuchten auf der IFA 2026\",\"datePublished\":\"2026-09-05T13:30:00+00:00\",\"mainEntityOfPage\":{\"@id\":\"https:\/\/www.tink.at\/blog\/aqara-fuenf-neue-matter-leuchten-ifa-2026\/\"},\"wordCount\":746,\"commentCount\":0,\"publisher\":{\"@id\":\"https:\/\/www.tink.at\/blog\/#organization\"},\"image\":{\"@id\":\"https:\/\/www.tink.at\/blog\/aqara-fuenf-neue-matter-leuchten-ifa-2026\/#primaryimage\"},\"thumbnailUrl\":\"https:\/\/www.tink.at\/blog\/wp-content\/uploads\/sites\/6\/2026\/09\/aqara-1-1.webp\",\"keywords\":[\"Aqara\",\"IFA\",\"ifa 2026\",\"Matter\"],\"articleSection\":[\"Smart Home News\",\"Smarte Beleuchtung\"],\"inLanguage\":\"de\",\"potentialAction\":[{\"@type\":\"CommentAction\",\"name\":\"Comment\",\"target\":[\"https:\/\/www.tink.at\/blog\/aqara-fuenf-neue-matter-leuchten-ifa-2026\/#respond\"]}]},{\"@type\":\"WebPage\",\"@id\":\"https:\/\/www.tink.at\/blog\/aqara-fuenf-neue-matter-leuchten-ifa-2026\/\",\"url\":\"https:\/\/www.tink.at\/blog\/aqara-fuenf-neue-matter-leuchten-ifa-2026\/\",\"name\":\"Aqara IFA 2026: F\u00fcnf neue Matter-Leuchten im \u00dcberblick - tink Blog AT\",\"isPartOf\":{\"@id\":\"https:\/\/www.tink.at\/blog\/#website\"},\"primaryImageOfPage\":{\"@id\":\"https:\/\/www.tink.at\/blog\/aqara-fuenf-neue-matter-leuchten-ifa-2026\/#primaryimage\"},\"image\":{\"@id\":\"https:\/\/www.tink.at\/blog\/aqara-fuenf-neue-matter-leuchten-ifa-2026\/#primaryimage\"},\"thumbnailUrl\":\"https:\/\/www.tink.at\/blog\/wp-content\/uploads\/sites\/6\/2026\/09\/aqara-1-1.webp\",\"datePublished\":\"2026-09-05T13:30:00+00:00\",\"description\":\"Aqara erweitert das Sortiment um Stehlampe, Einbauspot, Lichtleiste und Au\u00dfenl\u00f6sungen \u2013 alle mit Thread, Zigbee und Matter.\",\"breadcrumb\":{\"@id\":\"https:\/\/www.tink.at\/blog\/aqara-fuenf-neue-matter-leuchten-ifa-2026\/#breadcrumb\"},\"inLanguage\":\"de\",\"potentialAction\":[{\"@type\":\"ReadAction\",\"target\":[\"https:\/\/www.tink.at\/blog\/aqara-fuenf-neue-matter-leuchten-ifa-2026\/\"]}]},{\"@type\":\"ImageObject\",\"inLanguage\":\"de\",\"@id\":\"https:\/\/www.tink.at\/blog\/aqara-fuenf-neue-matter-leuchten-ifa-2026\/#primaryimage\",\"url\":\"https:\/\/www.tink.at\/blog\/wp-content\/uploads\/sites\/6\/2026\/09\/aqara-1-1.webp\",\"contentUrl\":\"https:\/\/www.tink.at\/blog\/wp-content\/uploads\/sites\/6\/2026\/09\/aqara-1-1.webp\",\"width\":1280,\"height\":720,\"caption\":\"Aqara Smart-Lighting-Display mit LED-Streifen, Gl\u00fchbirnen und Downlights vor einem farbenfrohen Hintergrund.\"},{\"@type\":\"BreadcrumbList\",\"@id\":\"https:\/\/www.tink.at\/blog\/aqara-fuenf-neue-matter-leuchten-ifa-2026\/#breadcrumb\",\"itemListElement\":[{\"@type\":\"ListItem\",\"position\":1,\"name\":\"Home\",\"item\":\"https:\/\/www.tink.at\/blog\/\"},{\"@type\":\"ListItem\",\"position\":2,\"name\":\"News &amp; Trends\",\"item\":\"https:\/\/www.tink.at\/blog\/category\/news-und-trends\/\"},{\"@type\":\"ListItem\",\"position\":3,\"name\":\"Smart Home News\",\"item\":\"https:\/\/www.tink.at\/blog\/category\/news-und-trends\/smart-home-news\/\"},{\"@type\":\"ListItem\",\"position\":4,\"name\":\"Aqara zeigt f\u00fcnf neue Matter-Leuchten auf der IFA 2026\"}]},{\"@type\":\"WebSite\",\"@id\":\"https:\/\/www.tink.at\/blog\/#website\",\"url\":\"https:\/\/www.tink.at\/blog\/\",\"name\":\"tink Blog\",\"description\":\"tink Smart Home Blog\",\"publisher\":{\"@id\":\"https:\/\/www.tink.at\/blog\/#organization\"},\"potentialAction\":[{\"@type\":\"SearchAction\",\"target\":{\"@type\":\"EntryPoint\",\"urlTemplate\":\"https:\/\/www.tink.at\/blog\/?s={search_term_string}\"},\"query-input\":{\"@type\":\"PropertyValueSpecification\",\"valueRequired\":true,\"valueName\":\"search_term_string\"}}],\"inLanguage\":\"de\"},{\"@type\":\"Organization\",\"@id\":\"https:\/\/www.tink.at\/blog\/#organization\",\"name\":\"tink GmbH\",\"alternateName\":\"tink\",\"url\":\"https:\/\/www.tink.at\/blog\/\",\"logo\":{\"@type\":\"ImageObject\",\"inLanguage\":\"de\",\"@id\":\"https:\/\/www.tink.at\/blog\/#\/schema\/logo\/image\/\",\"url\":\"https:\/\/www.tink.at\/blog\/wp-content\/uploads\/sites\/6\/2025\/08\/tink-Logo.png\",\"contentUrl\":\"https:\/\/www.tink.at\/blog\/wp-content\/uploads\/sites\/6\/2025\/08\/tink-Logo.png\",\"width\":500,\"height\":500,\"caption\":\"tink GmbH\"},\"image\":{\"@id\":\"https:\/\/www.tink.at\/blog\/#\/schema\/logo\/image\/\"},\"sameAs\":[\"https:\/\/www.facebook.com\/tinkh0me\",\"https:\/\/www.instagram.com\/tink\",\"https:\/\/de.linkedin.com\/company\/tink-gmbh\",\"https:\/\/www.youtube.com\/channel\/UCBhIvY0GdaK8Wc-5WWv8Kjw\",\"https:\/\/www.tiktok.com\/@tink.de\"]},{\"@type\":\"Person\",\"@id\":\"https:\/\/www.tink.at\/blog\/#\/schema\/person\/d8c577063dddf2495caad7baf2dd39f1\",\"name\":\"Joshua\",\"image\":{\"@type\":\"ImageObject\",\"inLanguage\":\"de\",\"@id\":\"https:\/\/www.tink.at\/blog\/#\/schema\/person\/image\/\",\"url\":\"https:\/\/secure.gravatar.com\/avatar\/93fad8ba9a0671ada451725287153fae?s=96&d=mm&r=g\",\"contentUrl\":\"https:\/\/secure.gravatar.com\/avatar\/93fad8ba9a0671ada451725287153fae?s=96&d=mm&r=g\",\"caption\":\"Joshua\"},\"description\":\"Joshua verst\u00e4rkt das tink-Team seit Juli 2025. Er verbindet jahrelange Schreiberfahrung mit einer gro\u00dfen Leidenschaft f\u00fcr technologische Innovationen. Privat nutzt er begeistert Govee f\u00fcr stimmungsvolle Beleuchtung, und auch die smarten Lautsprecher von JBL haben einen festen Platz bei ihm. Er ist immer auf der Suche nach dem n\u00e4chsten Upgrade f\u00fcr sein Smart Home und experimentiert derzeit ausgiebig mit Philips Hue und Soundcore.\",\"url\":\"https:\/\/www.tink.at\/blog\/author\/joshuadach\/\"}]}<\/script>\n<!-- \/ Yoast SEO plugin. -->","yoast_head_json":{"title":"Aqara IFA 2026: F\u00fcnf neue Matter-Leuchten im \u00dcberblick - tink Blog AT","description":"Aqara erweitert das Sortiment um Stehlampe, Einbauspot, Lichtleiste und Au\u00dfenl\u00f6sungen \u2013 alle mit Thread, Zigbee und Matter.","robots":{"index":"index","follow":"follow","max-snippet":"max-snippet:-1","max-image-preview":"max-image-preview:large","max-video-preview":"max-video-preview:-1"},"canonical":"https:\/\/www.tink.at\/blog\/aqara-fuenf-neue-matter-leuchten-ifa-2026\/","og_locale":"de_DE","og_type":"article","og_title":"Aqara IFA 2026: F\u00fcnf neue Matter-Leuchten im \u00dcberblick - tink Blog AT","og_description":"Aqara erweitert das Sortiment um Stehlampe, Einbauspot, Lichtleiste und Au\u00dfenl\u00f6sungen \u2013 alle mit Thread, Zigbee und Matter.","og_url":"https:\/\/www.tink.at\/blog\/aqara-fuenf-neue-matter-leuchten-ifa-2026\/","og_site_name":"tink Blog AT","article_publisher":"https:\/\/www.facebook.com\/tinkh0me","article_published_time":"2026-09-05T13:30:00+00:00","og_image":[{"width":1280,"height":720,"url":"https:\/\/www.tink.at\/blog\/wp-content\/uploads\/sites\/6\/2026\/09\/aqara-1-1.webp","type":"image\/webp"}],"author":"Joshua","twitter_card":"summary_large_image","twitter_misc":{"Verfasst von":"Joshua","Gesch\u00e4tzte Lesezeit":"5\u00a0Minuten"},"schema":{"@context":"https:\/\/schema.org","@graph":[{"@type":["Article","BlogPosting"],"@id":"https:\/\/www.tink.at\/blog\/aqara-fuenf-neue-matter-leuchten-ifa-2026\/#article","isPartOf":{"@id":"https:\/\/www.tink.at\/blog\/aqara-fuenf-neue-matter-leuchten-ifa-2026\/"},"author":{"name":"Joshua","@id":"https:\/\/www.tink.at\/blog\/#\/schema\/person\/d8c577063dddf2495caad7baf2dd39f1"},"headline":"Aqara zeigt f\u00fcnf neue Matter-Leuchten auf der IFA 2026","datePublished":"2026-09-05T13:30:00+00:00","mainEntityOfPage":{"@id":"https:\/\/www.tink.at\/blog\/aqara-fuenf-neue-matter-leuchten-ifa-2026\/"},"wordCount":746,"commentCount":0,"publisher":{"@id":"https:\/\/www.tink.at\/blog\/#organization"},"image":{"@id":"https:\/\/www.tink.at\/blog\/aqara-fuenf-neue-matter-leuchten-ifa-2026\/#primaryimage"},"thumbnailUrl":"https:\/\/www.tink.at\/blog\/wp-content\/uploads\/sites\/6\/2026\/09\/aqara-1-1.webp","keywords":["Aqara","IFA","ifa 2026","Matter"],"articleSection":["Smart Home News","Smarte Beleuchtung"],"inLanguage":"de","potentialAction":[{"@type":"CommentAction","name":"Comment","target":["https:\/\/www.tink.at\/blog\/aqara-fuenf-neue-matter-leuchten-ifa-2026\/#respond"]}]},{"@type":"WebPage","@id":"https:\/\/www.tink.at\/blog\/aqara-fuenf-neue-matter-leuchten-ifa-2026\/","url":"https:\/\/www.tink.at\/blog\/aqara-fuenf-neue-matter-leuchten-ifa-2026\/","name":"Aqara IFA 2026: F\u00fcnf neue Matter-Leuchten im \u00dcberblick - tink Blog AT","isPartOf":{"@id":"https:\/\/www.tink.at\/blog\/#website"},"primaryImageOfPage":{"@id":"https:\/\/www.tink.at\/blog\/aqara-fuenf-neue-matter-leuchten-ifa-2026\/#primaryimage"},"image":{"@id":"https:\/\/www.tink.at\/blog\/aqara-fuenf-neue-matter-leuchten-ifa-2026\/#primaryimage"},"thumbnailUrl":"https:\/\/www.tink.at\/blog\/wp-content\/uploads\/sites\/6\/2026\/09\/aqara-1-1.webp","datePublished":"2026-09-05T13:30:00+00:00","description":"Aqara erweitert das Sortiment um Stehlampe, Einbauspot, Lichtleiste und Au\u00dfenl\u00f6sungen \u2013 alle mit Thread, Zigbee und Matter.","breadcrumb":{"@id":"https:\/\/www.tink.at\/blog\/aqara-fuenf-neue-matter-leuchten-ifa-2026\/#breadcrumb"},"inLanguage":"de","potentialAction":[{"@type":"ReadAction","target":["https:\/\/www.tink.at\/blog\/aqara-fuenf-neue-matter-leuchten-ifa-2026\/"]}]},{"@type":"ImageObject","inLanguage":"de","@id":"https:\/\/www.tink.at\/blog\/aqara-fuenf-neue-matter-leuchten-ifa-2026\/#primaryimage","url":"https:\/\/www.tink.at\/blog\/wp-content\/uploads\/sites\/6\/2026\/09\/aqara-1-1.webp","contentUrl":"https:\/\/www.tink.at\/blog\/wp-content\/uploads\/sites\/6\/2026\/09\/aqara-1-1.webp","width":1280,"height":720,"caption":"Aqara Smart-Lighting-Display mit LED-Streifen, Gl\u00fchbirnen und Downlights vor einem farbenfrohen Hintergrund."},{"@type":"BreadcrumbList","@id":"https:\/\/www.tink.at\/blog\/aqara-fuenf-neue-matter-leuchten-ifa-2026\/#breadcrumb","itemListElement":[{"@type":"ListItem","position":1,"name":"Home","item":"https:\/\/www.tink.at\/blog\/"},{"@type":"ListItem","position":2,"name":"News &amp; Trends","item":"https:\/\/www.tink.at\/blog\/category\/news-und-trends\/"},{"@type":"ListItem","position":3,"name":"Smart Home News","item":"https:\/\/www.tink.at\/blog\/category\/news-und-trends\/smart-home-news\/"},{"@type":"ListItem","position":4,"name":"Aqara zeigt f\u00fcnf neue Matter-Leuchten auf der IFA 2026"}]},{"@type":"WebSite","@id":"https:\/\/www.tink.at\/blog\/#website","url":"https:\/\/www.tink.at\/blog\/","name":"tink Blog","description":"tink Smart Home Blog","publisher":{"@id":"https:\/\/www.tink.at\/blog\/#organization"},"potentialAction":[{"@type":"SearchAction","target":{"@type":"EntryPoint","urlTemplate":"https:\/\/www.tink.at\/blog\/?s={search_term_string}"},"query-input":{"@type":"PropertyValueSpecification","valueRequired":true,"valueName":"search_term_string"}}],"inLanguage":"de"},{"@type":"Organization","@id":"https:\/\/www.tink.at\/blog\/#organization","name":"tink GmbH","alternateName":"tink","url":"https:\/\/www.tink.at\/blog\/","logo":{"@type":"ImageObject","inLanguage":"de","@id":"https:\/\/www.tink.at\/blog\/#\/schema\/logo\/image\/","url":"https:\/\/www.tink.at\/blog\/wp-content\/uploads\/sites\/6\/2025\/08\/tink-Logo.png","contentUrl":"https:\/\/www.tink.at\/blog\/wp-content\/uploads\/sites\/6\/2025\/08\/tink-Logo.png","width":500,"height":500,"caption":"tink GmbH"},"image":{"@id":"https:\/\/www.tink.at\/blog\/#\/schema\/logo\/image\/"},"sameAs":["https:\/\/www.facebook.com\/tinkh0me","https:\/\/www.instagram.com\/tink","https:\/\/de.linkedin.com\/company\/tink-gmbh","https:\/\/www.youtube.com\/channel\/UCBhIvY0GdaK8Wc-5WWv8Kjw","https:\/\/www.tiktok.com\/@tink.de"]},{"@type":"Person","@id":"https:\/\/www.tink.at\/blog\/#\/schema\/person\/d8c577063dddf2495caad7baf2dd39f1","name":"Joshua","image":{"@type":"ImageObject","inLanguage":"de","@id":"https:\/\/www.tink.at\/blog\/#\/schema\/person\/image\/","url":"https:\/\/secure.gravatar.com\/avatar\/93fad8ba9a0671ada451725287153fae?s=96&d=mm&r=g","contentUrl":"https:\/\/secure.gravatar.com\/avatar\/93fad8ba9a0671ada451725287153fae?s=96&d=mm&r=g","caption":"Joshua"},"description":"Joshua verst\u00e4rkt das tink-Team seit Juli 2025. Er verbindet jahrelange Schreiberfahrung mit einer gro\u00dfen Leidenschaft f\u00fcr technologische Innovationen. Privat nutzt er begeistert Govee f\u00fcr stimmungsvolle Beleuchtung, und auch die smarten Lautsprecher von JBL haben einen festen Platz bei ihm. Er ist immer auf der Suche nach dem n\u00e4chsten Upgrade f\u00fcr sein Smart Home und experimentiert derzeit ausgiebig mit Philips Hue und Soundcore.","url":"https:\/\/www.tink.at\/blog\/author\/joshuadach\/"}]}},"jetpack_featured_media_url":"https:\/\/www.tink.at\/blog\/wp-content\/uploads\/sites\/6\/2026\/09\/aqara-1-1.webp","jetpack_sharing_enabled":true,"_links":{"self":[{"href":"https:\/\/www.tink.at\/blog\/wp-json\/wp\/v2\/posts\/49292"}],"collection":[{"href":"https:\/\/www.tink.at\/blog\/wp-json\/wp\/v2\/posts"}],"about":[{"href":"https:\/\/www.tink.at\/blog\/wp-json\/wp\/v2\/types\/post"}],"author":[{"embeddable":true,"href":"https:\/\/www.tink.at\/blog\/wp-json\/wp\/v2\/users\/22"}],"replies":[{"embeddable":true,"href":"https:\/\/www.tink.at\/blog\/wp-json\/wp\/v2\/comments?post=49292"}],"version-history":[{"count":1,"href":"https:\/\/www.tink.at\/blog\/wp-json\/wp\/v2\/posts\/49292\/revisions"}],"predecessor-version":[{"id":49297,"href":"https:\/\/www.tink.at\/blog\/wp-json\/wp\/v2\/posts\/49292\/revisions\/49297"}],"wp:featuredmedia":[{"embeddable":true,"href":"https:\/\/www.tink.at\/blog\/wp-json\/wp\/v2\/media\/49293"}],"wp:attachment":[{"href":"https:\/\/www.tink.at\/blog\/wp-json\/wp\/v2\/media?parent=49292"}],"wp:term":[{"taxonomy":"category","embeddable":true,"href":"https:\/\/www.tink.at\/blog\/wp-json\/wp\/v2\/categories?post=49292"},{"taxonomy":"post_tag","embeddable":true,"href":"https:\/\/www.tink.at\/blog\/wp-json\/wp\/v2\/tags?post=49292"},{"taxonomy":"brand","embeddable":true,"href":"https:\/\/www.tink.at\/blog\/wp-json\/wp\/v2\/brand?post=49292"}],"curies":[{"name":"wp","href":"https:\/\/api.w.org\/{rel}","templated":true}]}}