{"id":930,"date":"2020-08-10T14:00:07","date_gmt":"2020-08-10T12:00:07","guid":{"rendered":"http:\/\/sftp-tink.com\/at\/2020\/08\/10\/bosch-smart-home-unterstuetzt-apple-homekit\/"},"modified":"2025-09-30T17:51:02","modified_gmt":"2025-09-30T15:51:02","slug":"bosch-smart-home-unterstuetzt-apple-homekit","status":"publish","type":"post","link":"https:\/\/www.tink.at\/blog\/bosch-smart-home-unterstuetzt-apple-homekit\/","title":{"rendered":"Bosch Smart Home unterst\u00fctzt Apple HomeKit"},"content":{"rendered":"<p><div id=\"tdi_1\" class=\"tdc-row\"><div class=\"vc_row tdi_2  wpb_row td-pb-row\" >\n<style scoped>\n\/* custom css - generated by TagDiv Composer *\/\n\n\/* custom css - generated by TagDiv Composer *\/\n.tdi_2,\r\n                .tdi_2 .tdc-columns{\r\n                    min-height: 0;\r\n                }.tdi_2,\r\n\t\t\t\t.tdi_2 .tdc-columns{\r\n\t\t\t\t    display: block;\r\n\t\t\t\t}.tdi_2 .tdc-columns{\r\n\t\t\t\t    width: 100%;\r\n\t\t\t\t}.tdi_2:before,\r\n\t\t\t\t.tdi_2:after{\r\n\t\t\t\t    display: table;\r\n\t\t\t\t}\n<\/style><div class=\"vc_column tdi_4  wpb_column vc_column_container tdc-column td-pb-span12\">\n<style scoped>\n\/* custom css - generated by TagDiv Composer *\/\n\n\/* custom css - generated by TagDiv Composer *\/\n.tdi_4{\r\n                    vertical-align: baseline;\r\n                }.tdi_4 > .wpb_wrapper,\r\n\t\t\t\t.tdi_4 > .wpb_wrapper > .tdc-elements{\r\n\t\t\t\t    display: block;\r\n\t\t\t\t}.tdi_4 > .wpb_wrapper > .tdc-elements{\r\n\t\t\t\t    width: 100%;\r\n\t\t\t\t}.tdi_4 > .wpb_wrapper > .vc_row_inner{\r\n\t\t\t\t    width: auto;\r\n\t\t\t\t}.tdi_4 > .wpb_wrapper{\r\n\t\t\t\t    width: auto;\r\n\t\t\t\t    height: auto;\r\n\t\t\t\t}\n<\/style><div class=\"wpb_wrapper\" ><div class=\"wpb_wrapper wpb_text_column td_block_wrap td_block_wrap vc_column_text tdi_5  tagdiv-type td-pb-border-top td_block_template_1\"  data-td-block-uid=\"tdi_5\" >\n<style>\n\/* custom css - generated by TagDiv Composer *\/\n.vc_column_text > .td-element-style{\r\n\t\t\t\t\tz-index: -1;\r\n\t\t\t\t}\n<\/style><div class=\"td-fix-index\"><p>Tragt Euch den 13. August 2020 in den Kalender ein, denn ab diesem Tag lassen sich Deine <a href=\"https:\/\/www.tink.at\/bosch-smarthome\">Bosch Smart Home<\/a> Ger\u00e4te in <a href=\"https:\/\/www.tink.at\/homekit\">Apple HomeKit<\/a> integrieren. Du steuerst das Ganze \u00fcber die Apple Home App, sofern Du magst. Nat\u00fcrlich kannst Du auch weiterhin die entsprechende Bosch-App nutzen. Wo die Vorteile von HomeKit liegen und warum Du Dich schon mal freuen kannst, erz\u00e4hlen wir Dir jetzt.<\/p>\n<\/div><\/div><\/div><\/div><\/div><\/div><div id=\"tdi_6\" class=\"tdc-row\"><div class=\"vc_row tdi_7  wpb_row td-pb-row\" >\n<style scoped>\n\/* custom css - generated by TagDiv Composer *\/\n\n\/* custom css - generated by TagDiv Composer *\/\n.tdi_7,\r\n                .tdi_7 .tdc-columns{\r\n                    min-height: 0;\r\n                }.tdi_7,\r\n\t\t\t\t.tdi_7 .tdc-columns{\r\n\t\t\t\t    display: block;\r\n\t\t\t\t}.tdi_7 .tdc-columns{\r\n\t\t\t\t    width: 100%;\r\n\t\t\t\t}.tdi_7:before,\r\n\t\t\t\t.tdi_7:after{\r\n\t\t\t\t    display: table;\r\n\t\t\t\t}\n<\/style><div class=\"vc_column tdi_9  wpb_column vc_column_container tdc-column td-pb-span12\">\n<style scoped>\n\/* custom css - generated by TagDiv Composer *\/\n\n\/* custom css - generated by TagDiv Composer *\/\n.tdi_9{\r\n                    vertical-align: baseline;\r\n                }.tdi_9 > .wpb_wrapper,\r\n\t\t\t\t.tdi_9 > .wpb_wrapper > .tdc-elements{\r\n\t\t\t\t    display: block;\r\n\t\t\t\t}.tdi_9 > .wpb_wrapper > .tdc-elements{\r\n\t\t\t\t    width: 100%;\r\n\t\t\t\t}.tdi_9 > .wpb_wrapper > .vc_row_inner{\r\n\t\t\t\t    width: auto;\r\n\t\t\t\t}.tdi_9 > .wpb_wrapper{\r\n\t\t\t\t    width: auto;\r\n\t\t\t\t    height: auto;\r\n\t\t\t\t}\n<\/style><div class=\"wpb_wrapper\" ><div class=\"wpb_wrapper wpb_text_column td_block_wrap td_block_wrap vc_column_text tdi_10  tagdiv-type td-pb-border-top td_block_template_1\"  data-td-block-uid=\"tdi_10\" ><div class=\"td-fix-index\"><h2>D\u00fcrfen wir vorstellen: Bosch Smart Home und Apple HomeKit<\/h2>\n<\/div><\/div><div class=\"wpb_wrapper wpb_text_column td_block_wrap td_block_wrap vc_column_text tdi_11  tagdiv-type td-pb-border-top td_block_template_1\"  data-td-block-uid=\"tdi_11\" ><div class=\"td-fix-index\"><p>Bosch steht f\u00fcr Qualit\u00e4t Made in Germany und das auch in dem Bereich Smart Home. Hier setzt der Hersteller vor allem auf die Bereiche <a href=\"https:\/\/www.tink.at\/sicherheit\">Sicherheit<\/a>, Energieeffizienz und <a href=\"https:\/\/www.tink.at\/heizung\">Raumklima<\/a>. W\u00fcnsche bleiben bei der Auswahl keine offen &#8211; weder f\u00fcr Mieter, noch f\u00fcr Hausbesitzer.<\/p>\n<\/div><\/div><div class=\"wpb_wrapper wpb_text_column td_block_wrap td_block_wrap vc_column_text tdi_12  tagdiv-type td-pb-border-top td_block_template_1\"  data-td-block-uid=\"tdi_12\" ><div class=\"td-fix-index\"><p>Untereinander lassen sich die Ger\u00e4te nat\u00fcrlich miteinander verkn\u00fcpfen und lassen sich nicht nur \u00fcber die Bosch Smart Home App steuern, sondern auch gr\u00f6\u00dftenteils mit dem <a href=\"https:\/\/www.tink.at\/google-assistant\">Google Assistant<\/a> oder <a href=\"https:\/\/www.tink.at\/amazon-alexa\">Amazon Alexa<\/a>. Dar\u00fcber hinaus lassen sich Lampen von <a href=\"https:\/\/www.tink.at\/b\/philips-hue\">Philips Hue<\/a> in dem System integrieren. Nun kommt Apple HomeKit hinzu und erweitert den Kreis enorm.<\/p>\n<\/div><\/div><div class=\"wpb_wrapper td_block_single_image td_block_wrap\"><\/div><div class=\"wpb_wrapper wpb_text_column td_block_wrap td_block_wrap vc_column_text tdi_14  tagdiv-type td-pb-border-top td_block_template_1\"  data-td-block-uid=\"tdi_14\" ><div class=\"td-fix-index\"><p>Apple HomeKit vereint die Welt des Smart Home. Produkte, die kompatibel mit <a href=\"https:\/\/www.tink.at\/b\/apple\">Apples<\/a> System-Welt sind, lassen sich zentral \u00fcber die entsprechende Home-App steuern. So hast Du alles an einem Ort und musst nicht von App zu App springen, um <a href=\"https:\/\/www.tink.at\/licht\">Lampen<\/a>, Heizung, etc. zu steuern.<\/p>\n<\/div><\/div><\/div><\/div><\/div><\/div><div id=\"tdi_15\" class=\"tdc-row\"><div class=\"vc_row tdi_16  wpb_row td-pb-row\" >\n<style scoped>\n\/* custom css - generated by TagDiv Composer *\/\n\n\/* custom css - generated by TagDiv Composer *\/\n.tdi_16,\r\n                .tdi_16 .tdc-columns{\r\n                    min-height: 0;\r\n                }.tdi_16,\r\n\t\t\t\t.tdi_16 .tdc-columns{\r\n\t\t\t\t    display: block;\r\n\t\t\t\t}.tdi_16 .tdc-columns{\r\n\t\t\t\t    width: 100%;\r\n\t\t\t\t}.tdi_16:before,\r\n\t\t\t\t.tdi_16:after{\r\n\t\t\t\t    display: table;\r\n\t\t\t\t}\n<\/style><div class=\"vc_column tdi_18  wpb_column vc_column_container tdc-column td-pb-span12\">\n<style scoped>\n\/* custom css - generated by TagDiv Composer *\/\n\n\/* custom css - generated by TagDiv Composer *\/\n.tdi_18{\r\n                    vertical-align: baseline;\r\n                }.tdi_18 > .wpb_wrapper,\r\n\t\t\t\t.tdi_18 > .wpb_wrapper > .tdc-elements{\r\n\t\t\t\t    display: block;\r\n\t\t\t\t}.tdi_18 > .wpb_wrapper > .tdc-elements{\r\n\t\t\t\t    width: 100%;\r\n\t\t\t\t}.tdi_18 > .wpb_wrapper > .vc_row_inner{\r\n\t\t\t\t    width: auto;\r\n\t\t\t\t}.tdi_18 > .wpb_wrapper{\r\n\t\t\t\t    width: auto;\r\n\t\t\t\t    height: auto;\r\n\t\t\t\t}\n<\/style><div class=\"wpb_wrapper\" ><div class=\"wpb_wrapper wpb_text_column td_block_wrap td_block_wrap vc_column_text tdi_19  tagdiv-type td-pb-border-top td_block_template_1\"  data-td-block-uid=\"tdi_19\" ><div class=\"td-fix-index\"><h2>Geofencing und mehr Vorteile<\/h2>\n<\/div><\/div><div class=\"wpb_wrapper wpb_text_column td_block_wrap td_block_wrap vc_column_text tdi_20  tagdiv-type td-pb-border-top td_block_template_1\"  data-td-block-uid=\"tdi_20\" ><div class=\"td-fix-index\"><p>Durch die Integration von <a href=\"https:\/\/www.tink.at\/bosch-smarthome\">Bosch<\/a> Smart Home in Apple HomeKit hast Du nun noch mehr Steuerungs- und Verbindungsm\u00f6glichkeiten bei Dir Zuhause. Beispielsweise ist erstmals auch Geofencing m\u00f6glich. Das bedeutet, dass Du bestimmte Szenarien festlegst und sobald Du einen vorher definierten Bereich verl\u00e4sst, wird diese Szene automatisch abgespielt.<\/p>\n<\/div><\/div><div class=\"wpb_wrapper td_block_single_image td_block_wrap\"><\/div><div class=\"wpb_wrapper wpb_text_column td_block_wrap td_block_wrap vc_column_text tdi_22  tagdiv-type td-pb-border-top td_block_template_1\"  data-td-block-uid=\"tdi_22\" ><div class=\"td-fix-index\"><p>Du hast bereits Ger\u00e4te, die zwar HomeKit-kompatibel sind, jedoch bisher nicht mit Deinen Bosch-Produkten agieren konnten? Die Zeiten sind jetzt vorbei. Wir geben Dir ein Beispiel: Dein <a href=\"https:\/\/www.tink.at\/sicherheit\/smarte-alarmanlagen\/tuer-und-fenstersensoren\">T\u00fcr-\/Fensterkontakt<\/a> ist von Bosch und Deine Beleuchtung, sowie Heizsystem ist von einer anderen Marke, die mit Apple HomeKit funktionieren. Verbinde diese nun \u00fcber die App und erstelle eine Szene, sodass beim Verlassen des Hauses automatisch Deine Beleuchtung und Heizung ausgeschaltet wird.<\/p>\n<\/div><\/div><div class=\"wpb_wrapper wpb_text_column td_block_wrap td_block_wrap vc_column_text tdi_23  tagdiv-type td-pb-border-top td_block_template_1\"  data-td-block-uid=\"tdi_23\" ><div class=\"td-fix-index\"><p>Die volle Kontrolle beh\u00e4ltst Du jedoch weiterhin \u00fcber die App von Bosch. In der Version von Apple fehlen n\u00e4mlich wichtige Funktionen wie die Steuerung von <a href=\"https:\/\/www.tink.at\/sicherheit\/alarmsysteme\">Alarmsystemen<\/a>. Auch die Anwesenheitssimulation und die Sommerpause sind hier\u00fcber nicht verf\u00fcgbar.<\/p>\n<\/div><\/div><\/div><\/div><\/div><\/div><div id=\"tdi_24\" class=\"tdc-row\"><div class=\"vc_row tdi_25  wpb_row td-pb-row\" >\n<style scoped>\n\/* custom css - generated by TagDiv Composer *\/\n\n\/* custom css - generated by TagDiv Composer *\/\n.tdi_25,\r\n                .tdi_25 .tdc-columns{\r\n                    min-height: 0;\r\n                }.tdi_25,\r\n\t\t\t\t.tdi_25 .tdc-columns{\r\n\t\t\t\t    display: block;\r\n\t\t\t\t}.tdi_25 .tdc-columns{\r\n\t\t\t\t    width: 100%;\r\n\t\t\t\t}.tdi_25:before,\r\n\t\t\t\t.tdi_25:after{\r\n\t\t\t\t    display: table;\r\n\t\t\t\t}\n<\/style><div class=\"vc_column tdi_27  wpb_column vc_column_container tdc-column td-pb-span12\">\n<style scoped>\n\/* custom css - generated by TagDiv Composer *\/\n\n\/* custom css - generated by TagDiv Composer *\/\n.tdi_27{\r\n                    vertical-align: baseline;\r\n                }.tdi_27 > .wpb_wrapper,\r\n\t\t\t\t.tdi_27 > .wpb_wrapper > .tdc-elements{\r\n\t\t\t\t    display: block;\r\n\t\t\t\t}.tdi_27 > .wpb_wrapper > .tdc-elements{\r\n\t\t\t\t    width: 100%;\r\n\t\t\t\t}.tdi_27 > .wpb_wrapper > .vc_row_inner{\r\n\t\t\t\t    width: auto;\r\n\t\t\t\t}.tdi_27 > .wpb_wrapper{\r\n\t\t\t\t    width: auto;\r\n\t\t\t\t    height: auto;\r\n\t\t\t\t}\n<\/style><div class=\"wpb_wrapper\" ><div class=\"wpb_wrapper wpb_text_column td_block_wrap td_block_wrap vc_column_text tdi_28  tagdiv-type td-pb-border-top td_block_template_1\"  data-td-block-uid=\"tdi_28\" ><div class=\"td-fix-index\"><h2>Diese Bosch Smart Home Ger\u00e4te unterst\u00fctzen Apple HomeKit<\/h2>\n<\/div><\/div><div class=\"wpb_wrapper wpb_text_column td_block_wrap td_block_wrap vc_column_text tdi_29  tagdiv-type td-pb-border-top td_block_template_1\"  data-td-block-uid=\"tdi_29\" ><div class=\"td-fix-index\"><p>Bosch Smart Home und Apple HomeKit sind das neue Traumduo. So steuerst Du Deine Bosch Smart Home Ger\u00e4te nun auch per Mac, Apple Watch oder, wie oben erw\u00e4hnt, auch \u00fcber Siri. <\/p>\n<\/div><\/div><div class=\"wpb_wrapper wpb_text_column td_block_wrap td_block_wrap vc_column_text tdi_30  tagdiv-type td-pb-border-top td_block_template_1\"  data-td-block-uid=\"tdi_30\" ><div class=\"td-fix-index\"><p>Und diese Ger\u00e4te werden bisher unterst\u00fctzt:<\/p>\n<ul>\n<li><a href=\"https:\/\/www.tink.at\/bosch-smart-home-controller\">Smart Home Controller<\/a><\/li>\n<li><a href=\"https:\/\/www.tink.at\/bosch-smart-home-bewegungsmelder\">Bewegungsmelder<\/a><\/li>\n<li><a href=\"https:\/\/www.tink.at\/bosch-rollladensteuerung-unterputz\">Rollladensteuerung<\/a><\/li>\n<li><a href=\"https:\/\/www.tink.at\/bosch-smart-home-rauchmelder-alarmsirene\">Rauchwarnmelder<\/a><\/li>\n<li><a href=\"https:\/\/www.tink.at\/bosch-smart-home-zwischenstecker\">Zwischenstecker<\/a><\/li>\n<li><a href=\"https:\/\/www.tink.at\/bosch-smart-home-t-r-fensterkontakt\">T\u00fcr-\/Fensterkontakt<\/a><\/li>\n<li><a href=\"https:\/\/www.tink.at\/bosch-lichtsteuerung-unterputz\">Lichtsteuerung<\/a><\/li>\n<li><a href=\"https:\/\/www.tink.at\/bosch-smart-home-heizk-rperthermostat\">Heizk\u00f6rper-Thermostat<\/a><\/li>\n<li><a href=\"https:\/\/www.tink.at\/bosch-smart-home-twinguard-rauchwarnmelder-mit-luftg-tesensor\">Twinguard<\/a><\/li>\n<\/ul>\n<\/div><\/div><div class=\"wpb_wrapper td_block_single_image td_block_wrap\"><\/div><div class=\"wpb_wrapper wpb_text_column td_block_wrap td_block_wrap vc_column_text tdi_32  tagdiv-type td-pb-border-top td_block_template_1\"  data-td-block-uid=\"tdi_32\" ><div class=\"td-fix-index\"><p>Wie Du vielleicht bemerkt hast, sind die oben aufgelisteten Bosch Ger\u00e4te lange nicht alle aus dem Spektrum. Bosch hat jedoch bereits angek\u00fcndigt, dass immer mehr folgen werden. Wann genau ist noch unklar, jedoch kommen diese Schritt f\u00fcr Schritt mit den automatischen Softwareupdates der App. Hier hei\u00dft es also abwarten und Tee trinken. Bis dahin freuen wir uns \u00fcber die neuen Funktionen und mehr Steuerungsm\u00f6glichkeiten der aktuellen Ger\u00e4te.<\/p>\n<\/div><\/div><div class=\"wpb_wrapper td_block_single_image td_block_wrap\"><\/div>[vc_btn title=&#8220;ZUM PRODUKT&#8220; shape=&#8220;square&#8220; color=&#8220;black&#8220; align=&#8220;center&#8220; el_class=&#8220;product_button&#8220; link=&#8220;url:https%3A%2F%2Fwww.tink.at%2Fbosch-smart-home-premium-set-sicherheit-wohnung|||&#8220;]<\/div><\/div><\/div><\/div><\/p>\n","protected":false},"excerpt":{"rendered":"","protected":false},"author":1,"featured_media":931,"comment_status":"closed","ping_status":"closed","sticky":false,"template":"","format":"standard","meta":{"_acf_changed":false,"_monsterinsights_skip_tracking":false,"_monsterinsights_sitenote_active":false,"_monsterinsights_sitenote_note":"","_monsterinsights_sitenote_category":0,"iawp_total_views":5,"_jetpack_memberships_contains_paid_content":false,"footnotes":""},"categories":[3277,5],"tags":[55,35,92,93,193,260],"brand":[],"acf":[],"yoast_head":"<!-- This site is optimized with the Yoast SEO plugin v24.5 - https:\/\/yoast.com\/wordpress\/plugins\/seo\/ -->\n<title>Bosch Smart Home unterst\u00fctzt Apple HomeKit - tink Blog<\/title>\n<meta name=\"description\" content=\"Bosch Smart Home und Apple HomeKit sind schon sehr bald miteinander kompatibel. Wir verraten euch alle wichtigen Infos zu den News.\" \/>\n<meta name=\"robots\" content=\"index, follow, max-snippet:-1, max-image-preview:large, max-video-preview:-1\" \/>\n<link rel=\"canonical\" href=\"https:\/\/www.tink.at\/blog\/bosch-smart-home-unterstuetzt-apple-homekit\/\" \/>\n<meta property=\"og:locale\" content=\"de_DE\" \/>\n<meta property=\"og:type\" content=\"article\" \/>\n<meta property=\"og:title\" content=\"Bosch Smart Home unterst\u00fctzt Apple HomeKit - tink Blog\" \/>\n<meta property=\"og:description\" content=\"Bosch Smart Home und Apple HomeKit sind schon sehr bald miteinander kompatibel. Wir verraten euch alle wichtigen Infos zu den News.\" \/>\n<meta property=\"og:url\" content=\"https:\/\/www.tink.at\/blog\/bosch-smart-home-unterstuetzt-apple-homekit\/\" \/>\n<meta property=\"og:site_name\" content=\"tink Blog AT\" \/>\n<meta property=\"article:published_time\" content=\"2020-08-10T12:00:07+00:00\" \/>\n<meta property=\"article:modified_time\" content=\"2025-09-30T15:51:02+00:00\" \/>\n<meta property=\"og:image\" content=\"https:\/\/www.tink.at\/blog\/wp-content\/uploads\/sites\/6\/2024\/02\/86221039.jpg\" \/>\n\t<meta property=\"og:image:width\" content=\"1068\" \/>\n\t<meta property=\"og:image:height\" content=\"800\" \/>\n\t<meta property=\"og:image:type\" content=\"image\/jpeg\" \/>\n<meta name=\"author\" content=\"tink\" \/>\n<meta name=\"twitter:card\" content=\"summary_large_image\" \/>\n<meta name=\"twitter:label1\" content=\"Verfasst von\" \/>\n\t<meta name=\"twitter:data1\" content=\"tink\" \/>\n\t<meta name=\"twitter:label2\" content=\"Gesch\u00e4tzte Lesezeit\" \/>\n\t<meta name=\"twitter:data2\" content=\"4\u00a0Minuten\" \/>\n<script type=\"application\/ld+json\" class=\"yoast-schema-graph\">{\"@context\":\"https:\/\/schema.org\",\"@graph\":[{\"@type\":\"Article\",\"@id\":\"https:\/\/www.tink.at\/blog\/bosch-smart-home-unterstuetzt-apple-homekit\/#article\",\"isPartOf\":{\"@id\":\"https:\/\/www.tink.at\/blog\/bosch-smart-home-unterstuetzt-apple-homekit\/\"},\"author\":{\"name\":\"tink\",\"@id\":\"https:\/\/www.tink.at\/blog\/#\/schema\/person\/88075dc90b44377a42600e23f9b47120\"},\"headline\":\"Bosch Smart Home unterst\u00fctzt Apple HomeKit\",\"datePublished\":\"2020-08-10T12:00:07+00:00\",\"dateModified\":\"2025-09-30T15:51:02+00:00\",\"mainEntityOfPage\":{\"@id\":\"https:\/\/www.tink.at\/blog\/bosch-smart-home-unterstuetzt-apple-homekit\/\"},\"wordCount\":771,\"publisher\":{\"@id\":\"https:\/\/www.tink.at\/blog\/#organization\"},\"image\":{\"@id\":\"https:\/\/www.tink.at\/blog\/bosch-smart-home-unterstuetzt-apple-homekit\/#primaryimage\"},\"thumbnailUrl\":\"https:\/\/www.tink.at\/blog\/wp-content\/uploads\/sites\/6\/2024\/02\/86221039.jpg\",\"keywords\":[\"Apple\",\"Apple HomeKit\",\"Bosch\",\"Bosch Smart Home\",\"Siri\",\"Smart Home\"],\"articleSection\":[\"Apple Home\",\"Lifestyle\"],\"inLanguage\":\"de\"},{\"@type\":\"WebPage\",\"@id\":\"https:\/\/www.tink.at\/blog\/bosch-smart-home-unterstuetzt-apple-homekit\/\",\"url\":\"https:\/\/www.tink.at\/blog\/bosch-smart-home-unterstuetzt-apple-homekit\/\",\"name\":\"Bosch Smart Home unterst\u00fctzt Apple HomeKit - tink Blog\",\"isPartOf\":{\"@id\":\"https:\/\/www.tink.at\/blog\/#website\"},\"primaryImageOfPage\":{\"@id\":\"https:\/\/www.tink.at\/blog\/bosch-smart-home-unterstuetzt-apple-homekit\/#primaryimage\"},\"image\":{\"@id\":\"https:\/\/www.tink.at\/blog\/bosch-smart-home-unterstuetzt-apple-homekit\/#primaryimage\"},\"thumbnailUrl\":\"https:\/\/www.tink.at\/blog\/wp-content\/uploads\/sites\/6\/2024\/02\/86221039.jpg\",\"datePublished\":\"2020-08-10T12:00:07+00:00\",\"dateModified\":\"2025-09-30T15:51:02+00:00\",\"description\":\"Bosch Smart Home und Apple HomeKit sind schon sehr bald miteinander kompatibel. Wir verraten euch alle wichtigen Infos zu den News.\",\"breadcrumb\":{\"@id\":\"https:\/\/www.tink.at\/blog\/bosch-smart-home-unterstuetzt-apple-homekit\/#breadcrumb\"},\"inLanguage\":\"de\",\"potentialAction\":[{\"@type\":\"ReadAction\",\"target\":[\"https:\/\/www.tink.at\/blog\/bosch-smart-home-unterstuetzt-apple-homekit\/\"]}]},{\"@type\":\"ImageObject\",\"inLanguage\":\"de\",\"@id\":\"https:\/\/www.tink.at\/blog\/bosch-smart-home-unterstuetzt-apple-homekit\/#primaryimage\",\"url\":\"https:\/\/www.tink.at\/blog\/wp-content\/uploads\/sites\/6\/2024\/02\/86221039.jpg\",\"contentUrl\":\"https:\/\/www.tink.at\/blog\/wp-content\/uploads\/sites\/6\/2024\/02\/86221039.jpg\",\"width\":1068,\"height\":800},{\"@type\":\"BreadcrumbList\",\"@id\":\"https:\/\/www.tink.at\/blog\/bosch-smart-home-unterstuetzt-apple-homekit\/#breadcrumb\",\"itemListElement\":[{\"@type\":\"ListItem\",\"position\":1,\"name\":\"Home\",\"item\":\"https:\/\/www.tink.at\/blog\/\"},{\"@type\":\"ListItem\",\"position\":2,\"name\":\"Bosch Smart Home unterst\u00fctzt Apple HomeKit\"}]},{\"@type\":\"WebSite\",\"@id\":\"https:\/\/www.tink.at\/blog\/#website\",\"url\":\"https:\/\/www.tink.at\/blog\/\",\"name\":\"tink Blog\",\"description\":\"tink Smart Home Blog\",\"publisher\":{\"@id\":\"https:\/\/www.tink.at\/blog\/#organization\"},\"potentialAction\":[{\"@type\":\"SearchAction\",\"target\":{\"@type\":\"EntryPoint\",\"urlTemplate\":\"https:\/\/www.tink.at\/blog\/?s={search_term_string}\"},\"query-input\":{\"@type\":\"PropertyValueSpecification\",\"valueRequired\":true,\"valueName\":\"search_term_string\"}}],\"inLanguage\":\"de\"},{\"@type\":\"Organization\",\"@id\":\"https:\/\/www.tink.at\/blog\/#organization\",\"name\":\"tink GmbH\",\"alternateName\":\"tink\",\"url\":\"https:\/\/www.tink.at\/blog\/\",\"logo\":{\"@type\":\"ImageObject\",\"inLanguage\":\"de\",\"@id\":\"https:\/\/www.tink.at\/blog\/#\/schema\/logo\/image\/\",\"url\":\"https:\/\/www.tink.at\/blog\/wp-content\/uploads\/sites\/6\/2025\/08\/tink-Logo.png\",\"contentUrl\":\"https:\/\/www.tink.at\/blog\/wp-content\/uploads\/sites\/6\/2025\/08\/tink-Logo.png\",\"width\":500,\"height\":500,\"caption\":\"tink GmbH\"},\"image\":{\"@id\":\"https:\/\/www.tink.at\/blog\/#\/schema\/logo\/image\/\"}},{\"@type\":\"Person\",\"@id\":\"https:\/\/www.tink.at\/blog\/#\/schema\/person\/88075dc90b44377a42600e23f9b47120\",\"name\":\"tink\",\"image\":{\"@type\":\"ImageObject\",\"inLanguage\":\"de\",\"@id\":\"https:\/\/www.tink.at\/blog\/#\/schema\/person\/image\/\",\"url\":\"https:\/\/secure.gravatar.com\/avatar\/20f2886dce53e05a67d57ce0ebf3b21f?s=96&d=mm&r=g\",\"contentUrl\":\"https:\/\/secure.gravatar.com\/avatar\/20f2886dce53e05a67d57ce0ebf3b21f?s=96&d=mm&r=g\",\"caption\":\"tink\"},\"url\":\"https:\/\/www.tink.at\/blog\/author\/tink\/\"}]}<\/script>\n<!-- \/ Yoast SEO plugin. -->","yoast_head_json":{"title":"Bosch Smart Home unterst\u00fctzt Apple HomeKit - tink Blog","description":"Bosch Smart Home und Apple HomeKit sind schon sehr bald miteinander kompatibel. Wir verraten euch alle wichtigen Infos zu den News.","robots":{"index":"index","follow":"follow","max-snippet":"max-snippet:-1","max-image-preview":"max-image-preview:large","max-video-preview":"max-video-preview:-1"},"canonical":"https:\/\/www.tink.at\/blog\/bosch-smart-home-unterstuetzt-apple-homekit\/","og_locale":"de_DE","og_type":"article","og_title":"Bosch Smart Home unterst\u00fctzt Apple HomeKit - tink Blog","og_description":"Bosch Smart Home und Apple HomeKit sind schon sehr bald miteinander kompatibel. Wir verraten euch alle wichtigen Infos zu den News.","og_url":"https:\/\/www.tink.at\/blog\/bosch-smart-home-unterstuetzt-apple-homekit\/","og_site_name":"tink Blog AT","article_published_time":"2020-08-10T12:00:07+00:00","article_modified_time":"2025-09-30T15:51:02+00:00","og_image":[{"width":1068,"height":800,"url":"https:\/\/www.tink.at\/blog\/wp-content\/uploads\/sites\/6\/2024\/02\/86221039.jpg","type":"image\/jpeg"}],"author":"tink","twitter_card":"summary_large_image","twitter_misc":{"Verfasst von":"tink","Gesch\u00e4tzte Lesezeit":"4\u00a0Minuten"},"schema":{"@context":"https:\/\/schema.org","@graph":[{"@type":"Article","@id":"https:\/\/www.tink.at\/blog\/bosch-smart-home-unterstuetzt-apple-homekit\/#article","isPartOf":{"@id":"https:\/\/www.tink.at\/blog\/bosch-smart-home-unterstuetzt-apple-homekit\/"},"author":{"name":"tink","@id":"https:\/\/www.tink.at\/blog\/#\/schema\/person\/88075dc90b44377a42600e23f9b47120"},"headline":"Bosch Smart Home unterst\u00fctzt Apple HomeKit","datePublished":"2020-08-10T12:00:07+00:00","dateModified":"2025-09-30T15:51:02+00:00","mainEntityOfPage":{"@id":"https:\/\/www.tink.at\/blog\/bosch-smart-home-unterstuetzt-apple-homekit\/"},"wordCount":771,"publisher":{"@id":"https:\/\/www.tink.at\/blog\/#organization"},"image":{"@id":"https:\/\/www.tink.at\/blog\/bosch-smart-home-unterstuetzt-apple-homekit\/#primaryimage"},"thumbnailUrl":"https:\/\/www.tink.at\/blog\/wp-content\/uploads\/sites\/6\/2024\/02\/86221039.jpg","keywords":["Apple","Apple HomeKit","Bosch","Bosch Smart Home","Siri","Smart Home"],"articleSection":["Apple Home","Lifestyle"],"inLanguage":"de"},{"@type":"WebPage","@id":"https:\/\/www.tink.at\/blog\/bosch-smart-home-unterstuetzt-apple-homekit\/","url":"https:\/\/www.tink.at\/blog\/bosch-smart-home-unterstuetzt-apple-homekit\/","name":"Bosch Smart Home unterst\u00fctzt Apple HomeKit - tink Blog","isPartOf":{"@id":"https:\/\/www.tink.at\/blog\/#website"},"primaryImageOfPage":{"@id":"https:\/\/www.tink.at\/blog\/bosch-smart-home-unterstuetzt-apple-homekit\/#primaryimage"},"image":{"@id":"https:\/\/www.tink.at\/blog\/bosch-smart-home-unterstuetzt-apple-homekit\/#primaryimage"},"thumbnailUrl":"https:\/\/www.tink.at\/blog\/wp-content\/uploads\/sites\/6\/2024\/02\/86221039.jpg","datePublished":"2020-08-10T12:00:07+00:00","dateModified":"2025-09-30T15:51:02+00:00","description":"Bosch Smart Home und Apple HomeKit sind schon sehr bald miteinander kompatibel. Wir verraten euch alle wichtigen Infos zu den News.","breadcrumb":{"@id":"https:\/\/www.tink.at\/blog\/bosch-smart-home-unterstuetzt-apple-homekit\/#breadcrumb"},"inLanguage":"de","potentialAction":[{"@type":"ReadAction","target":["https:\/\/www.tink.at\/blog\/bosch-smart-home-unterstuetzt-apple-homekit\/"]}]},{"@type":"ImageObject","inLanguage":"de","@id":"https:\/\/www.tink.at\/blog\/bosch-smart-home-unterstuetzt-apple-homekit\/#primaryimage","url":"https:\/\/www.tink.at\/blog\/wp-content\/uploads\/sites\/6\/2024\/02\/86221039.jpg","contentUrl":"https:\/\/www.tink.at\/blog\/wp-content\/uploads\/sites\/6\/2024\/02\/86221039.jpg","width":1068,"height":800},{"@type":"BreadcrumbList","@id":"https:\/\/www.tink.at\/blog\/bosch-smart-home-unterstuetzt-apple-homekit\/#breadcrumb","itemListElement":[{"@type":"ListItem","position":1,"name":"Home","item":"https:\/\/www.tink.at\/blog\/"},{"@type":"ListItem","position":2,"name":"Bosch Smart Home unterst\u00fctzt Apple HomeKit"}]},{"@type":"WebSite","@id":"https:\/\/www.tink.at\/blog\/#website","url":"https:\/\/www.tink.at\/blog\/","name":"tink Blog","description":"tink Smart Home Blog","publisher":{"@id":"https:\/\/www.tink.at\/blog\/#organization"},"potentialAction":[{"@type":"SearchAction","target":{"@type":"EntryPoint","urlTemplate":"https:\/\/www.tink.at\/blog\/?s={search_term_string}"},"query-input":{"@type":"PropertyValueSpecification","valueRequired":true,"valueName":"search_term_string"}}],"inLanguage":"de"},{"@type":"Organization","@id":"https:\/\/www.tink.at\/blog\/#organization","name":"tink GmbH","alternateName":"tink","url":"https:\/\/www.tink.at\/blog\/","logo":{"@type":"ImageObject","inLanguage":"de","@id":"https:\/\/www.tink.at\/blog\/#\/schema\/logo\/image\/","url":"https:\/\/www.tink.at\/blog\/wp-content\/uploads\/sites\/6\/2025\/08\/tink-Logo.png","contentUrl":"https:\/\/www.tink.at\/blog\/wp-content\/uploads\/sites\/6\/2025\/08\/tink-Logo.png","width":500,"height":500,"caption":"tink GmbH"},"image":{"@id":"https:\/\/www.tink.at\/blog\/#\/schema\/logo\/image\/"}},{"@type":"Person","@id":"https:\/\/www.tink.at\/blog\/#\/schema\/person\/88075dc90b44377a42600e23f9b47120","name":"tink","image":{"@type":"ImageObject","inLanguage":"de","@id":"https:\/\/www.tink.at\/blog\/#\/schema\/person\/image\/","url":"https:\/\/secure.gravatar.com\/avatar\/20f2886dce53e05a67d57ce0ebf3b21f?s=96&d=mm&r=g","contentUrl":"https:\/\/secure.gravatar.com\/avatar\/20f2886dce53e05a67d57ce0ebf3b21f?s=96&d=mm&r=g","caption":"tink"},"url":"https:\/\/www.tink.at\/blog\/author\/tink\/"}]}},"jetpack_featured_media_url":"https:\/\/www.tink.at\/blog\/wp-content\/uploads\/sites\/6\/2024\/02\/86221039.jpg","jetpack_sharing_enabled":true,"_links":{"self":[{"href":"https:\/\/www.tink.at\/blog\/wp-json\/wp\/v2\/posts\/930"}],"collection":[{"href":"https:\/\/www.tink.at\/blog\/wp-json\/wp\/v2\/posts"}],"about":[{"href":"https:\/\/www.tink.at\/blog\/wp-json\/wp\/v2\/types\/post"}],"author":[{"embeddable":true,"href":"https:\/\/www.tink.at\/blog\/wp-json\/wp\/v2\/users\/1"}],"replies":[{"embeddable":true,"href":"https:\/\/www.tink.at\/blog\/wp-json\/wp\/v2\/comments?post=930"}],"version-history":[{"count":1,"href":"https:\/\/www.tink.at\/blog\/wp-json\/wp\/v2\/posts\/930\/revisions"}],"predecessor-version":[{"id":932,"href":"https:\/\/www.tink.at\/blog\/wp-json\/wp\/v2\/posts\/930\/revisions\/932"}],"wp:featuredmedia":[{"embeddable":true,"href":"https:\/\/www.tink.at\/blog\/wp-json\/wp\/v2\/media\/931"}],"wp:attachment":[{"href":"https:\/\/www.tink.at\/blog\/wp-json\/wp\/v2\/media?parent=930"}],"wp:term":[{"taxonomy":"category","embeddable":true,"href":"https:\/\/www.tink.at\/blog\/wp-json\/wp\/v2\/categories?post=930"},{"taxonomy":"post_tag","embeddable":true,"href":"https:\/\/www.tink.at\/blog\/wp-json\/wp\/v2\/tags?post=930"},{"taxonomy":"brand","embeddable":true,"href":"https:\/\/www.tink.at\/blog\/wp-json\/wp\/v2\/brand?post=930"}],"curies":[{"name":"wp","href":"https:\/\/api.w.org\/{rel}","templated":true}]}}